{"id":46831,"date":"2016-01-11T08:38:42","date_gmt":"2016-01-11T11:38:42","guid":{"rendered":"http:\/\/www.blogdothame.blog.br\/v1\/?p=46831"},"modified":"2016-01-11T08:38:42","modified_gmt":"2016-01-11T11:38:42","slug":"querem-abalar-imagem-de-wagner-por-causa-de-2018-diz-everaldo-anunciacao","status":"publish","type":"post","link":"https:\/\/www.blogdothame.blog.br\/v1\/2016\/01\/11\/querem-abalar-imagem-de-wagner-por-causa-de-2018-diz-everaldo-anunciacao\/","title":{"rendered":"\u201cQuerem abalar imagem de Wagner por causa de 2018\u201d, diz Everaldo Anuncia\u00e7\u00e3o"},"content":{"rendered":"<p><img loading=\"lazy\" class=\"alignleft size-medium wp-image-46832\" src=\"http:\/\/www.blogdothame.blog.br\/v1\/wp-content\/uploads\/2016\/01\/wagner-e-veveu-300x199.jpg\" alt=\"wagner e veveu\" width=\"300\" height=\"199\" \/>O presidente do PT na Bahia, Everaldo Anuncia\u00e7\u00e3o, classificou como &#8220;naturais&#8221; as conversas entre o ministro da Casa Civil, Jaques Wagner, enquanto governador da Bahia, e o\u00a0ex-presidente da OAS Jos\u00e9 Aldem\u00e1rio Pinheiro Filho, conhecido como L\u00e9o Pinheiro.<\/p>\n<p>&#8220;A articula\u00e7\u00e3o no mundo da pol\u00edtica \u00e9 natural. \u00c9 uma pr\u00e1tica desse mundo essa rela\u00e7\u00e3o para conseguir apoio. Agora, o n\u00edvel de envolvimento que eles tinham, s\u00f3 eles que podem dizer&#8221;, disse Anuncia\u00e7\u00e3o em entrevista ao jornal Tribuna da Bahia.<\/p>\n<p>Everaldo Anuncia\u00e7\u00e3o disse ainda que o comportamento de Jaques Wagner e os candidatos \u00e0 prefeitura de Salvador em 2012 Nelson Pelegrino (PT) e M\u00e1rio Kert\u00e9sz (PMDB) &#8220;n\u00e3o condiz com a den\u00fancia de suposta compra de apoio&#8221;.<\/p>\n<p>O l\u00edder petista n\u00e3o descartou que o vazamento tenha como objetivo abalar a imagem do ex-governador da Bahia. &#8220;O nome de Wagner est\u00e1 em evid\u00eancia na Brasil com perspectiva para a elei\u00e7\u00e3o de 2018. Infelizmente, a oposi\u00e7\u00e3o tem feito essa pr\u00e1tica de querer queimar a imagem do outro. Essa n\u00e3o \u00e9 uma pr\u00e1tica comprar apoio n\u00e3o \u00e9 de Wagner&#8221;.<\/p>\n","protected":false},"excerpt":{"rendered":"<p>O presidente do PT na Bahia, Everaldo Anuncia\u00e7\u00e3o, classificou como &#8220;naturais&#8221; as conversas entre o ministro da Casa Civil, Jaques Wagner, enquanto governador da Bahia, e o\u00a0ex-presidente da OAS Jos\u00e9 Aldem\u00e1rio Pinheiro Filho, conhecido como L\u00e9o Pinheiro. &#8220;A articula\u00e7\u00e3o no mundo da pol\u00edtica \u00e9 natural. \u00c9 uma pr\u00e1tica desse mundo essa rela\u00e7\u00e3o para conseguir apoio. [&hellip;]<\/p>\n","protected":false},"author":2,"featured_media":0,"comment_status":"open","ping_status":"open","sticky":false,"template":"","format":"standard","meta":{"_links_to":"","_links_to_target":""},"categories":[1],"tags":[7166,59,1955,8321],"_links":{"self":[{"href":"https:\/\/www.blogdothame.blog.br\/v1\/wp-json\/wp\/v2\/posts\/46831"}],"collection":[{"href":"https:\/\/www.blogdothame.blog.br\/v1\/wp-json\/wp\/v2\/posts"}],"about":[{"href":"https:\/\/www.blogdothame.blog.br\/v1\/wp-json\/wp\/v2\/types\/post"}],"author":[{"embeddable":true,"href":"https:\/\/www.blogdothame.blog.br\/v1\/wp-json\/wp\/v2\/users\/2"}],"replies":[{"embeddable":true,"href":"https:\/\/www.blogdothame.blog.br\/v1\/wp-json\/wp\/v2\/comments?post=46831"}],"version-history":[{"count":1,"href":"https:\/\/www.blogdothame.blog.br\/v1\/wp-json\/wp\/v2\/posts\/46831\/revisions"}],"predecessor-version":[{"id":46833,"href":"https:\/\/www.blogdothame.blog.br\/v1\/wp-json\/wp\/v2\/posts\/46831\/revisions\/46833"}],"wp:attachment":[{"href":"https:\/\/www.blogdothame.blog.br\/v1\/wp-json\/wp\/v2\/media?parent=46831"}],"wp:term":[{"taxonomy":"category","embeddable":true,"href":"https:\/\/www.blogdothame.blog.br\/v1\/wp-json\/wp\/v2\/categories?post=46831"},{"taxonomy":"post_tag","embeddable":true,"href":"https:\/\/www.blogdothame.blog.br\/v1\/wp-json\/wp\/v2\/tags?post=46831"}],"curies":[{"name":"wp","href":"https:\/\/api.w.org\/{rel}","templated":true}]}}