{"id":46811,"date":"2016-01-07T20:17:15","date_gmt":"2016-01-07T23:17:15","guid":{"rendered":"http:\/\/www.blogdothame.blog.br\/v1\/?p=46811"},"modified":"2016-01-07T15:18:16","modified_gmt":"2016-01-07T18:18:16","slug":"governador-formaliza-acoes-que-beneficiam-produtores-rurais-de-feira","status":"publish","type":"post","link":"https:\/\/www.blogdothame.blog.br\/v1\/2016\/01\/07\/governador-formaliza-acoes-que-beneficiam-produtores-rurais-de-feira\/","title":{"rendered":"Governador formaliza a\u00e7\u00f5es que beneficiam produtores rurais de Feira"},"content":{"rendered":"<p>Produtores rurais e moradores da zona rural de Feira de Santana ser\u00e3o beneficiados com v\u00e1rias a\u00e7\u00f5es promovidas pelo governo baiano, que ser\u00e3o formalizadas pelo governador Rui Costa nesta sexta-feira (8), \u00e0s 9h, no distrito de Governador Jo\u00e3o Durval Carneiro, antigo distrito de Ipua\u00e7u.<\/p>\n<p>O governador inaugura o sistema de abastecimento de \u00e1gua do distrito, onde foram investidos R$ 6,8 milh\u00f5es; entrega 16 retroescavadeiras a munic\u00edpios do semi\u00e1rido para constru\u00e7\u00e3o de mais de 600 aguadas, e assina contratos de assist\u00eancia t\u00e9cnica e extens\u00e3o rural, no valor de R$ 147 milh\u00f5es, com 32 entidades vencedoras da chamada p\u00fablica para presta\u00e7\u00e3o de servi\u00e7os aos agricultores familiares.<\/p>\n<p>Tamb\u00e9m autoriza lan\u00e7amento do edital para sele\u00e7\u00e3o de projetos, no \u00e2mbito do programa Bahia Produtiva, para incentivar a caprinovinocultura no estado. Ao final da viagem, Rui visita o Col\u00e9gio Estadual Edvaldo Machado Boaventura.<\/p>\n","protected":false},"excerpt":{"rendered":"<p>Produtores rurais e moradores da zona rural de Feira de Santana ser\u00e3o beneficiados com v\u00e1rias a\u00e7\u00f5es promovidas pelo governo baiano, que ser\u00e3o formalizadas pelo governador Rui Costa nesta sexta-feira (8), \u00e0s 9h, no distrito de Governador Jo\u00e3o Durval Carneiro, antigo distrito de Ipua\u00e7u. O governador inaugura o sistema de abastecimento de \u00e1gua do distrito, onde [&hellip;]<\/p>\n","protected":false},"author":2,"featured_media":0,"comment_status":"open","ping_status":"open","sticky":false,"template":"","format":"standard","meta":{"_links_to":"","_links_to_target":""},"categories":[1],"tags":[7913,358,615],"_links":{"self":[{"href":"https:\/\/www.blogdothame.blog.br\/v1\/wp-json\/wp\/v2\/posts\/46811"}],"collection":[{"href":"https:\/\/www.blogdothame.blog.br\/v1\/wp-json\/wp\/v2\/posts"}],"about":[{"href":"https:\/\/www.blogdothame.blog.br\/v1\/wp-json\/wp\/v2\/types\/post"}],"author":[{"embeddable":true,"href":"https:\/\/www.blogdothame.blog.br\/v1\/wp-json\/wp\/v2\/users\/2"}],"replies":[{"embeddable":true,"href":"https:\/\/www.blogdothame.blog.br\/v1\/wp-json\/wp\/v2\/comments?post=46811"}],"version-history":[{"count":1,"href":"https:\/\/www.blogdothame.blog.br\/v1\/wp-json\/wp\/v2\/posts\/46811\/revisions"}],"predecessor-version":[{"id":46812,"href":"https:\/\/www.blogdothame.blog.br\/v1\/wp-json\/wp\/v2\/posts\/46811\/revisions\/46812"}],"wp:attachment":[{"href":"https:\/\/www.blogdothame.blog.br\/v1\/wp-json\/wp\/v2\/media?parent=46811"}],"wp:term":[{"taxonomy":"category","embeddable":true,"href":"https:\/\/www.blogdothame.blog.br\/v1\/wp-json\/wp\/v2\/categories?post=46811"},{"taxonomy":"post_tag","embeddable":true,"href":"https:\/\/www.blogdothame.blog.br\/v1\/wp-json\/wp\/v2\/tags?post=46811"}],"curies":[{"name":"wp","href":"https:\/\/api.w.org\/{rel}","templated":true}]}}