{"id":46311,"date":"2015-12-17T19:24:20","date_gmt":"2015-12-17T22:24:20","guid":{"rendered":"http:\/\/www.blogdothame.blog.br\/v1\/?p=46311"},"modified":"2015-12-17T19:24:20","modified_gmt":"2015-12-17T22:24:20","slug":"46311","status":"publish","type":"post","link":"https:\/\/www.blogdothame.blog.br\/v1\/2015\/12\/17\/46311\/","title":{"rendered":""},"content":{"rendered":"<p style=\"text-align: center;\"><strong>Manifesto em Defesa da Democracia e do Estado de Direito<\/strong><\/p>\n<p>\u00a0A Associa\u00e7\u00e3o Nacional dos Dirigentes das Institui\u00e7\u00f5es Federais de Ensino Superior, ANDIFES, reafirma seu compromisso com a defesa intransigente dos princ\u00edpios democr\u00e1ticos que regem a sociedade brasileira e vem manifestar seu veemente rep\u00fadio \u00e0 deflagra\u00e7\u00e3o do processo de\u00a0<em>impeachment\u00a0<\/em>contra a Presidente Dilma Rousseff. A ANDIFES n\u00e3o reconhece a legitimidade deste processo que afronta o Estado Democr\u00e1tico de Direito e a vontade soberana do povo brasileiro.<\/p>\n<p>As Universidades Federais tiveram participa\u00e7\u00e3o efetiva no processo de redemocratiza\u00e7\u00e3o do pa\u00eds e na volta das garantias dos direitos sociais. N\u00e3o foi em v\u00e3o o sacrif\u00edcio daqueles que lutaram para que a sociedade pudesse exercer a democracia conquistada a partir da Constitui\u00e7\u00e3o de 1988.<\/p>\n<p>As Universidades Federais mant\u00eam destacado protagonismo nas lutas pol\u00edticas pela democratiza\u00e7\u00e3o da educa\u00e7\u00e3o p\u00fablica brasileira como fundamento de todo e qualquer processo de desenvolvimento nacional, e seguir\u00e3o defendendo a expans\u00e3o e a consolida\u00e7\u00e3o do ensino superior p\u00fablico deste pa\u00eds como forma de garantir o acesso universal \u00e0 educa\u00e7\u00e3o.<\/p>\n<p>As iniciativas antidemocr\u00e1ticas em curso representam um retrocesso e afetam profundamente o funcionamento das Institui\u00e7\u00f5es Federais de Ensino Superior e o futuro da educa\u00e7\u00e3o p\u00fablica.<\/p>\n<p>Os reitores das Universidades Federais, reunidos na ANDIFES, ativos na luta contra qualquer tentativa de desestabiliza\u00e7\u00e3o da nossa jovem democracia, conclamam o Parlamento e a sociedade brasileira a defender o Estado de Direito, os direitos sociais e as liberdades democr\u00e1ticas.<\/p>\n<p>&nbsp;<\/p>\n","protected":false},"excerpt":{"rendered":"<p>Manifesto em Defesa da Democracia e do Estado de Direito \u00a0A Associa\u00e7\u00e3o Nacional dos Dirigentes das Institui\u00e7\u00f5es Federais de Ensino Superior, ANDIFES, reafirma seu compromisso com a defesa intransigente dos princ\u00edpios democr\u00e1ticos que regem a sociedade brasileira e vem manifestar seu veemente rep\u00fadio \u00e0 deflagra\u00e7\u00e3o do processo de\u00a0impeachment\u00a0contra a Presidente Dilma Rousseff. A ANDIFES n\u00e3o [&hellip;]<\/p>\n","protected":false},"author":2,"featured_media":0,"comment_status":"open","ping_status":"open","sticky":false,"template":"","format":"standard","meta":{"_links_to":"","_links_to_target":""},"categories":[1],"tags":[361,180,14223,14221,14222],"_links":{"self":[{"href":"https:\/\/www.blogdothame.blog.br\/v1\/wp-json\/wp\/v2\/posts\/46311"}],"collection":[{"href":"https:\/\/www.blogdothame.blog.br\/v1\/wp-json\/wp\/v2\/posts"}],"about":[{"href":"https:\/\/www.blogdothame.blog.br\/v1\/wp-json\/wp\/v2\/types\/post"}],"author":[{"embeddable":true,"href":"https:\/\/www.blogdothame.blog.br\/v1\/wp-json\/wp\/v2\/users\/2"}],"replies":[{"embeddable":true,"href":"https:\/\/www.blogdothame.blog.br\/v1\/wp-json\/wp\/v2\/comments?post=46311"}],"version-history":[{"count":1,"href":"https:\/\/www.blogdothame.blog.br\/v1\/wp-json\/wp\/v2\/posts\/46311\/revisions"}],"predecessor-version":[{"id":46314,"href":"https:\/\/www.blogdothame.blog.br\/v1\/wp-json\/wp\/v2\/posts\/46311\/revisions\/46314"}],"wp:attachment":[{"href":"https:\/\/www.blogdothame.blog.br\/v1\/wp-json\/wp\/v2\/media?parent=46311"}],"wp:term":[{"taxonomy":"category","embeddable":true,"href":"https:\/\/www.blogdothame.blog.br\/v1\/wp-json\/wp\/v2\/categories?post=46311"},{"taxonomy":"post_tag","embeddable":true,"href":"https:\/\/www.blogdothame.blog.br\/v1\/wp-json\/wp\/v2\/tags?post=46311"}],"curies":[{"name":"wp","href":"https:\/\/api.w.org\/{rel}","templated":true}]}}