{"id":45970,"date":"2015-12-07T17:10:26","date_gmt":"2015-12-07T20:10:26","guid":{"rendered":"http:\/\/www.blogdothame.blog.br\/v1\/?p=45970"},"modified":"2015-12-07T16:15:00","modified_gmt":"2015-12-07T19:15:00","slug":"rui-costa-se-reune-com-dilma-para-planejar-acoes-contra-o-zika-virus","status":"publish","type":"post","link":"https:\/\/www.blogdothame.blog.br\/v1\/2015\/12\/07\/rui-costa-se-reune-com-dilma-para-planejar-acoes-contra-o-zika-virus\/","title":{"rendered":"Rui Costa se re\u00fane com Dilma para planejar a\u00e7\u00f5es contra o zika v\u00edrus"},"content":{"rendered":"<p>Nesta ter\u00e7a-feira (8), o governador Rui Costa se reunir\u00e1 em Bras\u00edlia com a presidente Dilma Rousseff para discutir a\u00e7\u00f5es de enfrentamento \u00e0 epidemia de Zika v\u00edrus, transmitido pelo mosquito Aedes Aegypti, tamb\u00e9m causador da Dengue e do Chikungunya. A preocupa\u00e7\u00e3o com a doen\u00e7a tem aumentado em todo o pa\u00eds, devido \u00e0 comprova\u00e7\u00e3o de sua rela\u00e7\u00e3o com o aumento dos casos de microcefalia em rec\u00e9m-nascidos.<\/p>\n<p>O encontro, que acontecer\u00e1 no Pal\u00e1cio do Planalto e deve ter a participa\u00e7\u00e3o de governadores de todo o pa\u00eds, acontece \u00e0s v\u00e9speras do in\u00edcio do funcionamento do Centro de Opera\u00e7\u00f5es de Emerg\u00eancias em Sa\u00fade do Governo da Bahia. O objetivo do centro, que ser\u00e1 aberto na pr\u00f3xima quinta-feira (10), \u00e9 atender \u00e0s necessidades de produ\u00e7\u00e3o e atualiza\u00e7\u00e3o de informa\u00e7\u00f5es sobre o quadro epidemiol\u00f3gico baiano e estabelecimento das medidas de vigil\u00e2ncia, controle e aten\u00e7\u00e3o.<\/p>\n<p>A iniciava \u00e9 coordenada pela Secretaria da Sa\u00fade do Estado (Sesab) e contar\u00e1 com participa\u00e7\u00e3o de outros \u00f3rg\u00e3os estaduais, Minist\u00e9rio da Sa\u00fade, al\u00e9m de especialistas de diversas \u00e1reas, como sanitaristas, epidemiologistas, infectologistas, obstetras, neuropediatras. Ser\u00e3o produzidos boletins semanais, divulgados sempre as segundas, a partir das 15h.<\/p>\n<p>O Centro de Opera\u00e7\u00f5es tamb\u00e9m ser\u00e1 respons\u00e1vel pelo envio de equipes para auxiliar os munic\u00edpios na investiga\u00e7\u00e3o em campo, cl\u00ednica e laboratorial, bem como o estabelecimento de um plano para controle das microcefalias e redu\u00e7\u00e3o dos agravos.<\/p>\n","protected":false},"excerpt":{"rendered":"<p>Nesta ter\u00e7a-feira (8), o governador Rui Costa se reunir\u00e1 em Bras\u00edlia com a presidente Dilma Rousseff para discutir a\u00e7\u00f5es de enfrentamento \u00e0 epidemia de Zika v\u00edrus, transmitido pelo mosquito Aedes Aegypti, tamb\u00e9m causador da Dengue e do Chikungunya. A preocupa\u00e7\u00e3o com a doen\u00e7a tem aumentado em todo o pa\u00eds, devido \u00e0 comprova\u00e7\u00e3o de sua rela\u00e7\u00e3o [&hellip;]<\/p>\n","protected":false},"author":2,"featured_media":0,"comment_status":"open","ping_status":"open","sticky":false,"template":"","format":"standard","meta":{"_links_to":"","_links_to_target":""},"categories":[1],"tags":[14125,361,615],"_links":{"self":[{"href":"https:\/\/www.blogdothame.blog.br\/v1\/wp-json\/wp\/v2\/posts\/45970"}],"collection":[{"href":"https:\/\/www.blogdothame.blog.br\/v1\/wp-json\/wp\/v2\/posts"}],"about":[{"href":"https:\/\/www.blogdothame.blog.br\/v1\/wp-json\/wp\/v2\/types\/post"}],"author":[{"embeddable":true,"href":"https:\/\/www.blogdothame.blog.br\/v1\/wp-json\/wp\/v2\/users\/2"}],"replies":[{"embeddable":true,"href":"https:\/\/www.blogdothame.blog.br\/v1\/wp-json\/wp\/v2\/comments?post=45970"}],"version-history":[{"count":1,"href":"https:\/\/www.blogdothame.blog.br\/v1\/wp-json\/wp\/v2\/posts\/45970\/revisions"}],"predecessor-version":[{"id":45971,"href":"https:\/\/www.blogdothame.blog.br\/v1\/wp-json\/wp\/v2\/posts\/45970\/revisions\/45971"}],"wp:attachment":[{"href":"https:\/\/www.blogdothame.blog.br\/v1\/wp-json\/wp\/v2\/media?parent=45970"}],"wp:term":[{"taxonomy":"category","embeddable":true,"href":"https:\/\/www.blogdothame.blog.br\/v1\/wp-json\/wp\/v2\/categories?post=45970"},{"taxonomy":"post_tag","embeddable":true,"href":"https:\/\/www.blogdothame.blog.br\/v1\/wp-json\/wp\/v2\/tags?post=45970"}],"curies":[{"name":"wp","href":"https:\/\/api.w.org\/{rel}","templated":true}]}}