{"id":45909,"date":"2015-12-04T16:18:48","date_gmt":"2015-12-04T19:18:48","guid":{"rendered":"http:\/\/www.blogdothame.blog.br\/v1\/?p=45909"},"modified":"2015-12-04T16:32:55","modified_gmt":"2015-12-04T19:32:55","slug":"dilma-minha-luta-e-em-defesa-da-democracia","status":"publish","type":"post","link":"https:\/\/www.blogdothame.blog.br\/v1\/2015\/12\/04\/dilma-minha-luta-e-em-defesa-da-democracia\/","title":{"rendered":"Dilma: \u201cminha luta \u00e9 em defesa da democracia\u201d"},"content":{"rendered":"<p><img loading=\"lazy\" class=\" wp-image-45910\" src=\"http:\/\/www.blogdothame.blog.br\/v1\/wp-content\/uploads\/2015\/12\/dilma-democracia-300x107.jpg\" alt=\"Bras\u00edlia - DF, 04\/12\/2015. Presidenta Dilma Rousseff durante 15\u00aa Confer\u00eancia Nacional de Sa\u00fade. Foto: Roberto Stuckert Filho\/PR\" width=\"362\" height=\"129\" srcset=\"https:\/\/www.blogdothame.blog.br\/v1\/wp-content\/uploads\/2015\/12\/dilma-democracia-300x107.jpg 300w, https:\/\/www.blogdothame.blog.br\/v1\/wp-content\/uploads\/2015\/12\/dilma-democracia.jpg 1001w\" sizes=\"(max-width: 362px) 100vw, 362px\" \/><\/p>\n<p>A presidente Dilma Rousseff fez nesta sexta-feira 4 um duro discurso contra a decis\u00e3o do presidente da C\u00e2mara, Eduardo Cunha (PMDB-RJ), de aceitar o pedido de abertura do processo de impeachment contra ela no Congresso Nacional. A decis\u00e3o foi lida ontem por ele em plen\u00e1rio.<\/p>\n<p>&#8220;O impeachment n\u00e3o tem fundamento. Eu vou fazer a defesa do meu mandato com todos os instrumentos previstos em nosso Estado democr\u00e1tico de direito&#8221;, afirmou Dilma, durante a 15\u00aa Confer\u00eancia Nacional de Sa\u00fade, realizada em Bras\u00edlia.<\/p>\n<p>Durante sua fala, o p\u00fablico gritava &#8220;n\u00e3o vai ter golpe&#8221; e &#8220;fora, Cunha&#8221;. Dilma voltou a provocar o presidente da C\u00e2mara, como em pronunciamento feito \u00e0 na\u00e7\u00e3o esta semana, logo ap\u00f3s a decis\u00e3o de Cunha pelo impeachment.<br \/>\n&#8220;As raz\u00f5es [para o impeachment] s\u00e3o inconsistentes, s\u00e3o improcedentes. N\u00e3o cometi nenhum ato il\u00edcito previsto na nossa Constitui\u00e7\u00e3o. N\u00e3o tenho conta na Su\u00ed\u00e7a. N\u00e3o tenho na minha biografia nenhum ato de uso indevido do dinheiro p\u00fablico&#8221;, afirmou.<\/p>\n<p>A presidente destacou que &#8220;essa n\u00e3o \u00e9 uma luta em defesa de uma pessoa, mas da democracia&#8221;. &#8220;N\u00e3o vamos nos enganar. O que est\u00e1 em jogo agora s\u00e3o as escolhas pol\u00edticas que n\u00f3s fizemos nos \u00faltimos 13 anos&#8221;, ressaltou.<br \/>\n&#8220;Essa confer\u00eancia vai ficar para a hist\u00f3ria. Em defesa da nossa sa\u00fade e da sa\u00fade da nossa democracia&#8221;, disse Dilma. No fim de seu discurso, a presidente afirmou que vai continuar lutando e governando &#8220;at\u00e9 2018&#8221;. &#8220;Pela sa\u00fade da democracia, temos que defend\u00ea-la contra o golpe&#8221;, concluiu. (do Brasil 247)<\/p>\n<p><iframe loading=\"lazy\" src=\"https:\/\/www.youtube.com\/embed\/kbtFK879lgs\" width=\"560\" height=\"320\" frameborder=\"0\" allowfullscreen=\"allowfullscreen\"><\/iframe><\/p>\n","protected":false},"excerpt":{"rendered":"<p>A presidente Dilma Rousseff fez nesta sexta-feira 4 um duro discurso contra a decis\u00e3o do presidente da C\u00e2mara, Eduardo Cunha (PMDB-RJ), de aceitar o pedido de abertura do processo de impeachment contra ela no Congresso Nacional. A decis\u00e3o foi lida ontem por ele em plen\u00e1rio. &#8220;O impeachment n\u00e3o tem fundamento. Eu vou fazer a defesa [&hellip;]<\/p>\n","protected":false},"author":2,"featured_media":0,"comment_status":"open","ping_status":"open","sticky":false,"template":"","format":"standard","meta":{"_links_to":"","_links_to_target":""},"categories":[1],"tags":[14102,361,12478,180,10711],"_links":{"self":[{"href":"https:\/\/www.blogdothame.blog.br\/v1\/wp-json\/wp\/v2\/posts\/45909"}],"collection":[{"href":"https:\/\/www.blogdothame.blog.br\/v1\/wp-json\/wp\/v2\/posts"}],"about":[{"href":"https:\/\/www.blogdothame.blog.br\/v1\/wp-json\/wp\/v2\/types\/post"}],"author":[{"embeddable":true,"href":"https:\/\/www.blogdothame.blog.br\/v1\/wp-json\/wp\/v2\/users\/2"}],"replies":[{"embeddable":true,"href":"https:\/\/www.blogdothame.blog.br\/v1\/wp-json\/wp\/v2\/comments?post=45909"}],"version-history":[{"count":3,"href":"https:\/\/www.blogdothame.blog.br\/v1\/wp-json\/wp\/v2\/posts\/45909\/revisions"}],"predecessor-version":[{"id":45915,"href":"https:\/\/www.blogdothame.blog.br\/v1\/wp-json\/wp\/v2\/posts\/45909\/revisions\/45915"}],"wp:attachment":[{"href":"https:\/\/www.blogdothame.blog.br\/v1\/wp-json\/wp\/v2\/media?parent=45909"}],"wp:term":[{"taxonomy":"category","embeddable":true,"href":"https:\/\/www.blogdothame.blog.br\/v1\/wp-json\/wp\/v2\/categories?post=45909"},{"taxonomy":"post_tag","embeddable":true,"href":"https:\/\/www.blogdothame.blog.br\/v1\/wp-json\/wp\/v2\/tags?post=45909"}],"curies":[{"name":"wp","href":"https:\/\/api.w.org\/{rel}","templated":true}]}}