{"id":45731,"date":"2015-12-01T11:08:52","date_gmt":"2015-12-01T14:08:52","guid":{"rendered":"http:\/\/www.blogdothame.blog.br\/v1\/?p=45731"},"modified":"2015-12-01T11:08:52","modified_gmt":"2015-12-01T14:08:52","slug":"flica-tera-novo-curador-em-2016","status":"publish","type":"post","link":"https:\/\/www.blogdothame.blog.br\/v1\/2015\/12\/01\/flica-tera-novo-curador-em-2016\/","title":{"rendered":"Flica ter\u00e1 novo curador em 2016"},"content":{"rendered":"<p><img loading=\"lazy\" class=\"alignleft size-medium wp-image-45732\" src=\"http:\/\/www.blogdothame.blog.br\/v1\/wp-content\/uploads\/2015\/12\/flica-curador-300x190.jpg\" alt=\"flica curador\" width=\"300\" height=\"190\" \/>A Festa Liter\u00e1ria Internacional de Cachoeira- Flica ter\u00e1 como curador-geral para a edi\u00e7\u00e3o 2016 o jornalista e cr\u00edtico liter\u00e1rio e cultural paulistano Mario Mendes. Iniciou sua atividade em 1978, ap\u00f3s se formar na Escola de Comunica\u00e7\u00f5es e Artes (ECA) da USP. Trabalhou na revista Interview, em seguida na Folha de S\u00e3o Paulo (no suplemento Casa e Cia e na Ilustrada).<\/p>\n<p>Foi redator-chefe da revista Elle e diretor geral da revista Daslu. Escreveu tamb\u00e9m em Vogue, Isto \u00c9 e Veja. Entre idas e vindas pelas reda\u00e7\u00f5es, residiu por alguns per\u00edodos em Londres. Com um p\u00e9 no erudito, outro na cultura pop e popular, destaca-se por seus textos sobre moda, cinema, m\u00fasica e literatura.<\/p>\n<p>Mediador de duas mesas na Flica 2015 (\u201cEm tr\u00e2nsito\u201d, com Sapphire e L\u00edvia Nat\u00e1lia; e \u201cSobre palavras e princesas\u201d, com Meg Cabot e Paula Pimenta), Mario v\u00ea possibilidades de transforma\u00e7\u00f5es na Flica capazes de torn\u00e1-la cada vez mais um referencial de inova\u00e7\u00e3o e qualidade no debate.<\/p>\n<p>Para o historiador e conselheiro estadual de cultura Aur\u00e9lio Schommer, que deixa a curadoria ap\u00f3s cinco edi\u00e7\u00f5es, o novo curador representa, por um lado, \u201ca inevit\u00e1vel transi\u00e7\u00e3o da Flica para uma Festa ao mesmo tempo regional, nacional e global\u201d; por outro, \u201co penetrar numa dimens\u00e3o completa e plural da cultura\u201d.<\/p>\n<p>\u201cA mim me prende o ensimesmado do autor liter\u00e1rio, a autorrefer\u00eancia de um escritor exilado da cultura em transforma\u00e7\u00e3o e m\u00faltipla. Mario ultrapassa estes limites estreitos, ao mesmo tempo em que se revela um cr\u00edtico liter\u00e1rio capaz de dois olhares que me faltam: o da forma\u00e7\u00e3o liter\u00e1ria cl\u00e1ssica, capaz de compreender o sentido est\u00e9tico do texto; e o viver \u00e9tnico com o diferente, agregando o ponto de vista de leitores de identidades que eu n\u00e3o alcan\u00e7o, pois me parece e a minha experi\u00eancia me diz, que o autor n\u00e3o \u00e9 bom cr\u00edtico. O bom cr\u00edtico \u00e9 o bom leitor, que decupa e interpreta o texto, enquanto o escritor, ao construir o texto, sabe que faz, mas n\u00e3o sabe o que faz\u201d, diz Aur\u00e9lio.<\/p>\n","protected":false},"excerpt":{"rendered":"<p>A Festa Liter\u00e1ria Internacional de Cachoeira- Flica ter\u00e1 como curador-geral para a edi\u00e7\u00e3o 2016 o jornalista e cr\u00edtico liter\u00e1rio e cultural paulistano Mario Mendes. Iniciou sua atividade em 1978, ap\u00f3s se formar na Escola de Comunica\u00e7\u00f5es e Artes (ECA) da USP. Trabalhou na revista Interview, em seguida na Folha de S\u00e3o Paulo (no suplemento Casa [&hellip;]<\/p>\n","protected":false},"author":2,"featured_media":0,"comment_status":"open","ping_status":"open","sticky":false,"template":"","format":"standard","meta":{"_links_to":"","_links_to_target":""},"categories":[1],"tags":[3758,4570,14043,14042],"_links":{"self":[{"href":"https:\/\/www.blogdothame.blog.br\/v1\/wp-json\/wp\/v2\/posts\/45731"}],"collection":[{"href":"https:\/\/www.blogdothame.blog.br\/v1\/wp-json\/wp\/v2\/posts"}],"about":[{"href":"https:\/\/www.blogdothame.blog.br\/v1\/wp-json\/wp\/v2\/types\/post"}],"author":[{"embeddable":true,"href":"https:\/\/www.blogdothame.blog.br\/v1\/wp-json\/wp\/v2\/users\/2"}],"replies":[{"embeddable":true,"href":"https:\/\/www.blogdothame.blog.br\/v1\/wp-json\/wp\/v2\/comments?post=45731"}],"version-history":[{"count":1,"href":"https:\/\/www.blogdothame.blog.br\/v1\/wp-json\/wp\/v2\/posts\/45731\/revisions"}],"predecessor-version":[{"id":45733,"href":"https:\/\/www.blogdothame.blog.br\/v1\/wp-json\/wp\/v2\/posts\/45731\/revisions\/45733"}],"wp:attachment":[{"href":"https:\/\/www.blogdothame.blog.br\/v1\/wp-json\/wp\/v2\/media?parent=45731"}],"wp:term":[{"taxonomy":"category","embeddable":true,"href":"https:\/\/www.blogdothame.blog.br\/v1\/wp-json\/wp\/v2\/categories?post=45731"},{"taxonomy":"post_tag","embeddable":true,"href":"https:\/\/www.blogdothame.blog.br\/v1\/wp-json\/wp\/v2\/tags?post=45731"}],"curies":[{"name":"wp","href":"https:\/\/api.w.org\/{rel}","templated":true}]}}