{"id":45009,"date":"2015-11-10T08:18:51","date_gmt":"2015-11-10T11:18:51","guid":{"rendered":"http:\/\/www.blogdothame.blog.br\/v1\/?p=45009"},"modified":"2015-11-10T08:18:51","modified_gmt":"2015-11-10T11:18:51","slug":"adelia-pinheiro-disputa-reeleicao-na-uesc-em-chapa-unica","status":"publish","type":"post","link":"https:\/\/www.blogdothame.blog.br\/v1\/2015\/11\/10\/adelia-pinheiro-disputa-reeleicao-na-uesc-em-chapa-unica\/","title":{"rendered":"Ad\u00e9lia Pinheiro disputa reelei\u00e7\u00e3o na Uesc em chapa \u00fanica"},"content":{"rendered":"<p><img loading=\"lazy\" class=\"aligncenter size-medium wp-image-45010\" src=\"http:\/\/www.blogdothame.blog.br\/v1\/wp-content\/uploads\/2015\/11\/adelia-2-281x300.jpg\" alt=\"adelia 2\" width=\"281\" height=\"300\" srcset=\"https:\/\/www.blogdothame.blog.br\/v1\/wp-content\/uploads\/2015\/11\/adelia-2-281x300.jpg 281w, https:\/\/www.blogdothame.blog.br\/v1\/wp-content\/uploads\/2015\/11\/adelia-2.jpg 900w\" sizes=\"(max-width: 281px) 100vw, 281px\" \/><\/p>\n<p>A reitora da Universidade Estadual de Santa Cruz (Uesc), Ad\u00e9lia Pinheiro, disputa a reelei\u00e7\u00e3o em chapa \u00fanica e ser\u00e1 reconduzida a um novo mandato. A elei\u00e7\u00e3o est\u00e1\u00a0marcada para o pr\u00f3ximo dia 25 e a posse para o novo mandato,, que tem dura\u00e7\u00e3o de quatro anos, ser\u00e1 no inicio de 2016.<\/p>\n<p>Ad\u00e9lia Pinheiro tamb\u00e9m presidente a Associa\u00e7\u00e3o Nacional de Reitores das Universidades Estaduais e Municipais (ABRUEM) e durante seu primeiro mandato consolidou a Uesc como uma das principais institui\u00e7\u00f5es de ensino superior do Brasil.<\/p>\n","protected":false},"excerpt":{"rendered":"<p>A reitora da Universidade Estadual de Santa Cruz (Uesc), Ad\u00e9lia Pinheiro, disputa a reelei\u00e7\u00e3o em chapa \u00fanica e ser\u00e1 reconduzida a um novo mandato. A elei\u00e7\u00e3o est\u00e1\u00a0marcada para o pr\u00f3ximo dia 25 e a posse para o novo mandato,, que tem dura\u00e7\u00e3o de quatro anos, ser\u00e1 no inicio de 2016. Ad\u00e9lia Pinheiro tamb\u00e9m presidente a [&hellip;]<\/p>\n","protected":false},"author":2,"featured_media":0,"comment_status":"open","ping_status":"open","sticky":false,"template":"","format":"standard","meta":{"_links_to":"","_links_to_target":""},"categories":[1],"tags":[81,7580,25],"_links":{"self":[{"href":"https:\/\/www.blogdothame.blog.br\/v1\/wp-json\/wp\/v2\/posts\/45009"}],"collection":[{"href":"https:\/\/www.blogdothame.blog.br\/v1\/wp-json\/wp\/v2\/posts"}],"about":[{"href":"https:\/\/www.blogdothame.blog.br\/v1\/wp-json\/wp\/v2\/types\/post"}],"author":[{"embeddable":true,"href":"https:\/\/www.blogdothame.blog.br\/v1\/wp-json\/wp\/v2\/users\/2"}],"replies":[{"embeddable":true,"href":"https:\/\/www.blogdothame.blog.br\/v1\/wp-json\/wp\/v2\/comments?post=45009"}],"version-history":[{"count":1,"href":"https:\/\/www.blogdothame.blog.br\/v1\/wp-json\/wp\/v2\/posts\/45009\/revisions"}],"predecessor-version":[{"id":45011,"href":"https:\/\/www.blogdothame.blog.br\/v1\/wp-json\/wp\/v2\/posts\/45009\/revisions\/45011"}],"wp:attachment":[{"href":"https:\/\/www.blogdothame.blog.br\/v1\/wp-json\/wp\/v2\/media?parent=45009"}],"wp:term":[{"taxonomy":"category","embeddable":true,"href":"https:\/\/www.blogdothame.blog.br\/v1\/wp-json\/wp\/v2\/categories?post=45009"},{"taxonomy":"post_tag","embeddable":true,"href":"https:\/\/www.blogdothame.blog.br\/v1\/wp-json\/wp\/v2\/tags?post=45009"}],"curies":[{"name":"wp","href":"https:\/\/api.w.org\/{rel}","templated":true}]}}