{"id":42812,"date":"2015-09-08T12:18:08","date_gmt":"2015-09-08T15:18:08","guid":{"rendered":"http:\/\/www.blogdothame.blog.br\/v1\/?p=42812"},"modified":"2015-09-08T12:18:09","modified_gmt":"2015-09-08T15:18:09","slug":"fabio-jr-fala-mal-do-brasil-gracas-a-democracia-que-nao-ajudou-a-construir","status":"publish","type":"post","link":"https:\/\/www.blogdothame.blog.br\/v1\/2015\/09\/08\/fabio-jr-fala-mal-do-brasil-gracas-a-democracia-que-nao-ajudou-a-construir\/","title":{"rendered":"F\u00e1bio Jr. fala mal do Brasil gra\u00e7as \u00e0 democracia que n\u00e3o ajudou a construir"},"content":{"rendered":"<p style=\"text-align: right;\"><em>Tereza Cruvinel, no Brasil247<\/em><\/p>\n<p>N\u00e3o me lembro de uma palavra, um gesto, um dedinho levantado do cantor Fabio J\u00fanior contra a ditadura. Agora, gra\u00e7as \u00e0 democracia que ele n\u00e3o ajudou a construir, enrola-se na bandeira do Brasil para falar mal do pa\u00eds no exterior. Na festa do Brazilian Day em Nova York. Achei pela Internet afora uma boa defini\u00e7\u00e3o do ocorrido feita pelo Chico Buarque. &#8220;Fabio J\u00fanior foi falar mal do Brasil para os coxinhas que vivem em Nova York porque n\u00e3o gostam do Brasil&#8221;.<\/p>\n<div id=\"attachment_42813\" style=\"width: 310px\" class=\"wp-caption alignleft\"><img aria-describedby=\"caption-attachment-42813\" loading=\"lazy\" class=\"size-medium wp-image-42813\" src=\"http:\/\/www.blogdothame.blog.br\/v1\/wp-content\/uploads\/2015\/09\/fabio-viado-300x171.jpeg\" alt=\"Michael Jackson n\u00e3o morreu...\" width=\"300\" height=\"171\" srcset=\"https:\/\/www.blogdothame.blog.br\/v1\/wp-content\/uploads\/2015\/09\/fabio-viado-300x171.jpeg 300w, https:\/\/www.blogdothame.blog.br\/v1\/wp-content\/uploads\/2015\/09\/fabio-viado.jpeg 320w\" sizes=\"(max-width: 300px) 100vw, 300px\" \/><p id=\"caption-attachment-42813\" class=\"wp-caption-text\">Michael Jackson n\u00e3o morreu&#8230;<\/p><\/div>\n<p>V\u00e1 l\u00e1 que a festa, mesmo em territ\u00f3rio estrangeiro, era para brasileiros, poderia dizer o cantor para justificar sua malha\u00e7\u00e3o do Brasil, que ele reduziu a uma terra de &#8220;roubalheira&#8221;. V\u00e1 l\u00e1 que s\u00f3 agora o coroa Fabio Junior tenha sentido as indigna\u00e7\u00f5es c\u00edvicas que n\u00e3o sentiu na juventude, quando cantava can\u00e7\u00f5es melosas sem prestar aten\u00e7\u00e3o ao som pol\u00edtico em seu redor. Geralmente ocorre o contr\u00e1rio, jovens t\u00eam exalta\u00e7\u00f5es pol\u00edticas que se exaltam com o passar da idade. Mas v\u00e1 l\u00e1 que ela n\u00e3o tenha se contido de t\u00e3o indignado. Com todas as indulg\u00eancias, entretanto, n\u00e3o se lhe \u00e9 poss\u00edvel perdoar a grosseria, a canastrice, a chulice, enfim, de seu discurso. Depois de uma torrente de asneiras, depois de conseguir despertar os instintos mais primitivos da plat\u00e9ia, que inicialmente n\u00e3o se deu por achada, ele saiu-se com esta, segundo a Folha Online.<\/p>\n<p>&#8220;Voc\u00eas sabem onde t\u00e1 aquele dedinho que o Lula perdeu, n\u00e9? Onde \u00e9 que ele enfiou, n\u00e9? No nosso!&#8221;.<\/p>\n<p>\u00c9 muita baixaria. Muito feio para um suposto artista nacional. E o chiste est\u00fapido nem \u00e9 novo, nem foi criado por ele.<\/p>\n<p>F\u00e1bio J\u00fanior indignado em Nova York? Onde andava o cantor na ditadura, quando era proibido protestar?<\/p>\n","protected":false},"excerpt":{"rendered":"<p>Tereza Cruvinel, no Brasil247 N\u00e3o me lembro de uma palavra, um gesto, um dedinho levantado do cantor Fabio J\u00fanior contra a ditadura. Agora, gra\u00e7as \u00e0 democracia que ele n\u00e3o ajudou a construir, enrola-se na bandeira do Brasil para falar mal do pa\u00eds no exterior. Na festa do Brazilian Day em Nova York. Achei pela Internet [&hellip;]<\/p>\n","protected":false},"author":2,"featured_media":0,"comment_status":"open","ping_status":"open","sticky":false,"template":"","format":"standard","meta":{"_links_to":"","_links_to_target":""},"categories":[1],"tags":[10199,13069,13068,13070],"_links":{"self":[{"href":"https:\/\/www.blogdothame.blog.br\/v1\/wp-json\/wp\/v2\/posts\/42812"}],"collection":[{"href":"https:\/\/www.blogdothame.blog.br\/v1\/wp-json\/wp\/v2\/posts"}],"about":[{"href":"https:\/\/www.blogdothame.blog.br\/v1\/wp-json\/wp\/v2\/types\/post"}],"author":[{"embeddable":true,"href":"https:\/\/www.blogdothame.blog.br\/v1\/wp-json\/wp\/v2\/users\/2"}],"replies":[{"embeddable":true,"href":"https:\/\/www.blogdothame.blog.br\/v1\/wp-json\/wp\/v2\/comments?post=42812"}],"version-history":[{"count":1,"href":"https:\/\/www.blogdothame.blog.br\/v1\/wp-json\/wp\/v2\/posts\/42812\/revisions"}],"predecessor-version":[{"id":42814,"href":"https:\/\/www.blogdothame.blog.br\/v1\/wp-json\/wp\/v2\/posts\/42812\/revisions\/42814"}],"wp:attachment":[{"href":"https:\/\/www.blogdothame.blog.br\/v1\/wp-json\/wp\/v2\/media?parent=42812"}],"wp:term":[{"taxonomy":"category","embeddable":true,"href":"https:\/\/www.blogdothame.blog.br\/v1\/wp-json\/wp\/v2\/categories?post=42812"},{"taxonomy":"post_tag","embeddable":true,"href":"https:\/\/www.blogdothame.blog.br\/v1\/wp-json\/wp\/v2\/tags?post=42812"}],"curies":[{"name":"wp","href":"https:\/\/api.w.org\/{rel}","templated":true}]}}