{"id":41734,"date":"2015-08-04T17:36:20","date_gmt":"2015-08-04T20:36:20","guid":{"rendered":"http:\/\/www.blogdothame.blog.br\/v1\/?p=41734"},"modified":"2015-08-04T17:42:06","modified_gmt":"2015-08-04T20:42:06","slug":"divaldo-franco-recebera-comenda-2-de-julho","status":"publish","type":"post","link":"https:\/\/www.blogdothame.blog.br\/v1\/2015\/08\/04\/divaldo-franco-recebera-comenda-2-de-julho\/","title":{"rendered":"Divaldo Franco receber\u00e1 Comenda 2 de Julho"},"content":{"rendered":"<p><img loading=\"lazy\" class=\"aligncenter  wp-image-41737\" src=\"http:\/\/www.blogdothame.blog.br\/v1\/wp-content\/uploads\/2015\/08\/divaldo-300x169.jpg\" alt=\"divaldo\" width=\"323\" height=\"182\" srcset=\"https:\/\/www.blogdothame.blog.br\/v1\/wp-content\/uploads\/2015\/08\/divaldo-300x169.jpg 300w, https:\/\/www.blogdothame.blog.br\/v1\/wp-content\/uploads\/2015\/08\/divaldo-1024x576.jpg 1024w, https:\/\/www.blogdothame.blog.br\/v1\/wp-content\/uploads\/2015\/08\/divaldo.jpg 1280w\" sizes=\"(max-width: 323px) 100vw, 323px\" \/><\/p>\n<p>Reconhecido como o maior orador esp\u00edrita contempor\u00e2neo e o maior e mais importante m\u00e9dium em atividade no Brasil, o baiano Divaldo Franco receber\u00e1, na pr\u00f3xima quinta-feira (6), na Assembleia Legislativa da Bahia, a Comenda 2 de Julho. A condecora\u00e7\u00e3o \u00e9 a mais alta honraria concedida pela Casa Legislativa, e \u00e9 outorgada a figuras ilustres que contribu\u00edram ou contribuem para o desenvolvimento social do Estado e para a sociedade em geral.<\/p>\n<p>A comenda foi proposta pelo l\u00edder do Governo, Deputado Z\u00e9 Neto, e pelo l\u00edder do PT, Deputado Rosemberg Pinto, por toda a trajet\u00f3ria e trabalho do m\u00e9dium na Mans\u00e3o do Caminho, a maior obra social da Bahia e com grande import\u00e2ncia para a cidade do Salvador. O evento ocorre no Plen\u00e1rio da Assembleia Legislativa da Bahia \u00e0s 14h.<\/p>\n<p>Fundada h\u00e1 mais de seis d\u00e9cadas, a obra social funciona no perif\u00e9rico bairro de Pau da Lima e j\u00e1 tirou 160 mil pessoas da mis\u00e9ria oferecendo escola e profiss\u00e3o. Na Mans\u00e3o do Caminho funcionam creche e escolas que atendem mais de 3 mil crian\u00e7as, que s\u00e3o diariamente educadas e alimentadas de gra\u00e7a.<\/p>\n<p>A escola de primeiro grau da institui\u00e7\u00e3o tem um dos menores \u00edndices de viol\u00eancia e evas\u00e3o escolar e um dos mais altos \u00edndices de acompanhamento, incentivo e disciplina. Al\u00e9m disso, o local conta com um centro de sa\u00fade que atende mais de 2 mil adultos, tamb\u00e9m gratuitamente. A Mans\u00e3o conta tamb\u00e9m com o Centro de Parto Normal Marieta de Souza Pereira que j\u00e1 realizou mais de 1.800 partos sem nenhum custo \u00e0s m\u00e3es, al\u00e9m de ser o primeiro do Norte e Nordeste.<\/p>\n<p>S\u00e3o assistidos tamb\u00e9m idosos e pessoas inv\u00e1lidas, portadores de doen\u00e7as irrecuper\u00e1veis e degenerativas, que recebem cestas b\u00e1sicas, atendimento m\u00e9dico e rem\u00e9dios atrav\u00e9s da Caravana Auta de Souza. Para manter toda a obra social funcionando, a Mans\u00e3o do Caminho conta com 400 volunt\u00e1rios. Circulam pelo local, diariamente, cerca de 5 mil pessoas, entre estudantes, assistidos, funcion\u00e1rios, volunt\u00e1rios e visitantes.<\/p>\n<p>A Mans\u00e3o do Caminho \u00e9 a \u201ccidade\u201d nascida pelas m\u00e3os de Divaldo Franco e Nilson Pereira, j\u00e1 falecido. Pioneira na Am\u00e9rica do Sul, a primeira sede da Mans\u00e3o do Caminho funcionou no bairro da Cal\u00e7ada, em 1952, e atendia como lares substitutos para crian\u00e7as \u00f3rf\u00e3os. Passado alguns anos, a Mans\u00e3o do Caminho passou para o bairro de Pau da Lima, tornou-se um complexo educacional, deixou de funcionar como lar substituto e transformou-se na obra social do Centro Esp\u00edrita Caminho da Reden\u00e7\u00e3o.<\/p>\n<p>Atualmente, est\u00e1 instalada em uma \u00e1rea com 83 mil metros quadrados, onde foram constru\u00eddas mais de 50 casas onde funcionam panificadora, cursos profissionalizantes, ambulat\u00f3rio, gr\u00e1fica, biblioteca, casa de idosos, entre outros. Mais de 35 mil crian\u00e7as passaram, at\u00e9 hoje, pelos v\u00e1rios cursos e oficinas da Mans\u00e3o do Caminho. A obra \u00e9 basicamente mantida com a venda dos livros medi\u00fanicos e das fitas gravadas nas palestras, semin\u00e1rios, entrevistas e mensagens do m\u00e9dium Divaldo Franco.\u00a0 (do Pimenta)<\/p>\n","protected":false},"excerpt":{"rendered":"<p>Reconhecido como o maior orador esp\u00edrita contempor\u00e2neo e o maior e mais importante m\u00e9dium em atividade no Brasil, o baiano Divaldo Franco receber\u00e1, na pr\u00f3xima quinta-feira (6), na Assembleia Legislativa da Bahia, a Comenda 2 de Julho. A condecora\u00e7\u00e3o \u00e9 a mais alta honraria concedida pela Casa Legislativa, e \u00e9 outorgada a figuras ilustres que [&hellip;]<\/p>\n","protected":false},"author":2,"featured_media":0,"comment_status":"open","ping_status":"open","sticky":false,"template":"","format":"standard","meta":{"_links_to":"","_links_to_target":""},"categories":[1],"tags":[573,12671,9516],"_links":{"self":[{"href":"https:\/\/www.blogdothame.blog.br\/v1\/wp-json\/wp\/v2\/posts\/41734"}],"collection":[{"href":"https:\/\/www.blogdothame.blog.br\/v1\/wp-json\/wp\/v2\/posts"}],"about":[{"href":"https:\/\/www.blogdothame.blog.br\/v1\/wp-json\/wp\/v2\/types\/post"}],"author":[{"embeddable":true,"href":"https:\/\/www.blogdothame.blog.br\/v1\/wp-json\/wp\/v2\/users\/2"}],"replies":[{"embeddable":true,"href":"https:\/\/www.blogdothame.blog.br\/v1\/wp-json\/wp\/v2\/comments?post=41734"}],"version-history":[{"count":3,"href":"https:\/\/www.blogdothame.blog.br\/v1\/wp-json\/wp\/v2\/posts\/41734\/revisions"}],"predecessor-version":[{"id":41738,"href":"https:\/\/www.blogdothame.blog.br\/v1\/wp-json\/wp\/v2\/posts\/41734\/revisions\/41738"}],"wp:attachment":[{"href":"https:\/\/www.blogdothame.blog.br\/v1\/wp-json\/wp\/v2\/media?parent=41734"}],"wp:term":[{"taxonomy":"category","embeddable":true,"href":"https:\/\/www.blogdothame.blog.br\/v1\/wp-json\/wp\/v2\/categories?post=41734"},{"taxonomy":"post_tag","embeddable":true,"href":"https:\/\/www.blogdothame.blog.br\/v1\/wp-json\/wp\/v2\/tags?post=41734"}],"curies":[{"name":"wp","href":"https:\/\/api.w.org\/{rel}","templated":true}]}}