{"id":41652,"date":"2015-07-31T11:19:24","date_gmt":"2015-07-31T14:19:24","guid":{"rendered":"http:\/\/www.blogdothame.blog.br\/v1\/?p=41652"},"modified":"2015-07-31T11:20:00","modified_gmt":"2015-07-31T14:20:00","slug":"41652","status":"publish","type":"post","link":"https:\/\/www.blogdothame.blog.br\/v1\/2015\/07\/31\/41652\/","title":{"rendered":"Ilh\u00e9us realiza feira de ado\u00e7\u00e3o de c\u00e3es"},"content":{"rendered":"<p><img loading=\"lazy\" class=\"alignright size-full wp-image-41653\" src=\"http:\/\/www.blogdothame.blog.br\/v1\/wp-content\/uploads\/2015\/07\/c\u00e3es.jpg\" alt=\"c\u00e3es\" width=\"259\" height=\"194\" \/>A Organiza\u00e7\u00e3o N\u00e3o Governamental Planeta dos Bichos realiza, neste domingo, 2 de agosto, mais uma feira de ado\u00e7\u00e3o de c\u00e3es, que acontecer\u00e1 das 10h30min \u00e0s 16h, no Hernani S\u00e1, zona sul de Ilh\u00e9us, na sede da associa\u00e7\u00e3o de moradores do bairro, no eixo principal. A feira conta com o apoio da Prefeitura de Ilh\u00e9us, atrav\u00e9s da Secretaria de Sa\u00fade.<\/p>\n<p>De acordo com uma das coordenadoras da Ong, Aline Sacramento, os animais para ado\u00e7\u00e3o foram todos recolhidos das ruas, onde eram v\u00edtimas de maus-tratos. Os c\u00e3es \u00e0 disposi\u00e7\u00e3o, cerca de quinze, passaram pro cuidados, como castra\u00e7\u00e3o, em parceria com o Centro de Controle de Zoonoses (CCZ) da Secretaria de Sa\u00fade.<\/p>\n<p>Para adotar, \u00e9 necess\u00e1rio que a pessoa tenha idade m\u00ednima de 18 anos, apresente, no ato, o Registro Geral (RG) e doe um quilo de ra\u00e7\u00e3o, que ser\u00e1 destinado a outros animais atendidos.<\/p>\n<p><strong>Cuidados \u2013 <\/strong>A Ong Planeta dos Bichos atua h\u00e1 oito anos em Ilh\u00e9us. Realiza resgates e oferece cuidados veterin\u00e1rios a animais abandonados na rua ou que foram v\u00edtimas de maus-tratos.\u00a0 Em parceria com a Secretaria de Sa\u00fade, aplica vacinas b\u00e1sicas e disponibiliza castra\u00e7\u00e3o a c\u00e3es e gatos.<\/p>\n","protected":false},"excerpt":{"rendered":"<p>A Organiza\u00e7\u00e3o N\u00e3o Governamental Planeta dos Bichos realiza, neste domingo, 2 de agosto, mais uma feira de ado\u00e7\u00e3o de c\u00e3es, que acontecer\u00e1 das 10h30min \u00e0s 16h, no Hernani S\u00e1, zona sul de Ilh\u00e9us, na sede da associa\u00e7\u00e3o de moradores do bairro, no eixo principal. A feira conta com o apoio da Prefeitura de Ilh\u00e9us, atrav\u00e9s [&hellip;]<\/p>\n","protected":false},"author":2,"featured_media":0,"comment_status":"open","ping_status":"open","sticky":false,"template":"","format":"standard","meta":{"_links_to":"","_links_to_target":""},"categories":[1],"tags":[12645,218,12644],"_links":{"self":[{"href":"https:\/\/www.blogdothame.blog.br\/v1\/wp-json\/wp\/v2\/posts\/41652"}],"collection":[{"href":"https:\/\/www.blogdothame.blog.br\/v1\/wp-json\/wp\/v2\/posts"}],"about":[{"href":"https:\/\/www.blogdothame.blog.br\/v1\/wp-json\/wp\/v2\/types\/post"}],"author":[{"embeddable":true,"href":"https:\/\/www.blogdothame.blog.br\/v1\/wp-json\/wp\/v2\/users\/2"}],"replies":[{"embeddable":true,"href":"https:\/\/www.blogdothame.blog.br\/v1\/wp-json\/wp\/v2\/comments?post=41652"}],"version-history":[{"count":2,"href":"https:\/\/www.blogdothame.blog.br\/v1\/wp-json\/wp\/v2\/posts\/41652\/revisions"}],"predecessor-version":[{"id":41655,"href":"https:\/\/www.blogdothame.blog.br\/v1\/wp-json\/wp\/v2\/posts\/41652\/revisions\/41655"}],"wp:attachment":[{"href":"https:\/\/www.blogdothame.blog.br\/v1\/wp-json\/wp\/v2\/media?parent=41652"}],"wp:term":[{"taxonomy":"category","embeddable":true,"href":"https:\/\/www.blogdothame.blog.br\/v1\/wp-json\/wp\/v2\/categories?post=41652"},{"taxonomy":"post_tag","embeddable":true,"href":"https:\/\/www.blogdothame.blog.br\/v1\/wp-json\/wp\/v2\/tags?post=41652"}],"curies":[{"name":"wp","href":"https:\/\/api.w.org\/{rel}","templated":true}]}}