{"id":41585,"date":"2015-07-29T20:19:53","date_gmt":"2015-07-29T23:19:53","guid":{"rendered":"http:\/\/www.blogdothame.blog.br\/v1\/?p=41585"},"modified":"2015-07-29T17:22:23","modified_gmt":"2015-07-29T20:22:23","slug":"dilma-e-governadores-devem-criar-agenda-que-atenda-aos-brasileiros-diz-rui","status":"publish","type":"post","link":"https:\/\/www.blogdothame.blog.br\/v1\/2015\/07\/29\/dilma-e-governadores-devem-criar-agenda-que-atenda-aos-brasileiros-diz-rui\/","title":{"rendered":"Dilma e governadores devem criar agenda que atenda aos brasileiros, diz Rui"},"content":{"rendered":"<p><img loading=\"lazy\" class=\"alignleft size-medium wp-image-41586\" src=\"http:\/\/www.blogdothame.blog.br\/v1\/wp-content\/uploads\/2015\/07\/rui-costa4-300x200.jpg\" alt=\"rui costa\" width=\"300\" height=\"200\" srcset=\"https:\/\/www.blogdothame.blog.br\/v1\/wp-content\/uploads\/2015\/07\/rui-costa4-300x200.jpg 300w, https:\/\/www.blogdothame.blog.br\/v1\/wp-content\/uploads\/2015\/07\/rui-costa4-1024x682.jpg 1024w, https:\/\/www.blogdothame.blog.br\/v1\/wp-content\/uploads\/2015\/07\/rui-costa4.jpg 1100w\" sizes=\"(max-width: 300px) 100vw, 300px\" \/>A cria\u00e7\u00e3o de \u201cuma agenda para o pa\u00eds e para os brasileiros, e n\u00e3o para o partido a, b ou c\u201d \u00e9 o que espera o governador Rui Costa da reuni\u00e3o que acontecer\u00e1 em Bras\u00edlia, nesta quinta-feira (30), entre a presidenta Dilma Rousseff e os governadores dos estados. Todos os 27 foram convidados para unificar um \u201cpacto pela governabilidade\u201d, \u00e0s 16h, no Pal\u00e1cio do Planalto.<\/p>\n<p>\u00c9 momento, explicou Rui, das autoridades mostrarem responsabilidade na condu\u00e7\u00e3o dos destinos do pa\u00eds. \u201cQuando o clima pol\u00edtico se acirra e se come\u00e7a a aprovar projetos (no Congresso) para desgastar o governo, ou na linha do quanto pior, melhor, quem paga um alto pre\u00e7o \u00e9 a popula\u00e7\u00e3o brasileira\u201d, disse.<\/p>\n<p>Ele elogiou a atitude de Dilma e informou que propor\u00e1 que esses encontros tornem-se regulares, uma vez que temas como seguran\u00e7a p\u00fablica e novas fontes de financiamento para a sa\u00fade devem ser objetos constantes de debate: \u201cA presidenta e os governadores precisam se unir e dar solu\u00e7\u00f5es para essas quest\u00f5es essenciais na vida da popula\u00e7\u00e3o\u201d.<\/p>\n<p><strong>Nordeste<\/strong><\/p>\n<p><strong>\u00a0<\/strong>Entre os governadores do Nordeste, outra grande preocupa\u00e7\u00e3o \u00e9 a economia. Com quedas acentuadas na arrecada\u00e7\u00e3o, eles buscam alternativas para seus problemas de caixa. Citam como exemplo a necessidade de que o Fundo de Desenvolvimento Regional e Infraestrutura e o Fundo de Compensa\u00e7\u00e3o, criados a partir da Medida Provis\u00f3ria 683 de 2015, tenham lastro. Isso porque a fonte dos recursos seria proveniente da repatria\u00e7\u00e3o de remessas ilegais feitas para o exterior. Ou seja, n\u00e3o se pode fixar um valor. E \u201ca prov\u00e1vel varia\u00e7\u00e3o torna imprevis\u00edvel a disponibilidade de recursos que haver\u00e1 para os estados\u201d, afirmou o representante do governo baiano em Bras\u00edlia, Jonas Paulo, falando do desequil\u00edbrio entre estados ricos e pobres que poder\u00e1 ser ainda maior com o fim da guerra fiscal.<\/p>\n<p>Outro questionamento que fazem os governadores \u00e9 sobre \u00e9 a utiliza\u00e7\u00e3o de dep\u00f3sitos judiciais por estados e munic\u00edpios para o pagamento de precat\u00f3rios, d\u00edvida p\u00fablica, investimentos e despesas previdenci\u00e1rias. A possibilidade de usar esses recursos foi aprovada pelo Congresso Nacional e deve ser sancionada pela presidente nos pr\u00f3ximos dias. A avalia\u00e7\u00e3o geral \u00e9 que a iniciativa pode ser \u00fatil. Contudo, outras medidas dever\u00e3o ser pactuadas para que o equil\u00edbrio das finan\u00e7as dos estados seja alcan\u00e7ado.<\/p>\n","protected":false},"excerpt":{"rendered":"<p>A cria\u00e7\u00e3o de \u201cuma agenda para o pa\u00eds e para os brasileiros, e n\u00e3o para o partido a, b ou c\u201d \u00e9 o que espera o governador Rui Costa da reuni\u00e3o que acontecer\u00e1 em Bras\u00edlia, nesta quinta-feira (30), entre a presidenta Dilma Rousseff e os governadores dos estados. Todos os 27 foram convidados para unificar [&hellip;]<\/p>\n","protected":false},"author":2,"featured_media":0,"comment_status":"open","ping_status":"open","sticky":false,"template":"","format":"standard","meta":{"_links_to":"","_links_to_target":""},"categories":[1],"tags":[12616,361,6287,615],"_links":{"self":[{"href":"https:\/\/www.blogdothame.blog.br\/v1\/wp-json\/wp\/v2\/posts\/41585"}],"collection":[{"href":"https:\/\/www.blogdothame.blog.br\/v1\/wp-json\/wp\/v2\/posts"}],"about":[{"href":"https:\/\/www.blogdothame.blog.br\/v1\/wp-json\/wp\/v2\/types\/post"}],"author":[{"embeddable":true,"href":"https:\/\/www.blogdothame.blog.br\/v1\/wp-json\/wp\/v2\/users\/2"}],"replies":[{"embeddable":true,"href":"https:\/\/www.blogdothame.blog.br\/v1\/wp-json\/wp\/v2\/comments?post=41585"}],"version-history":[{"count":1,"href":"https:\/\/www.blogdothame.blog.br\/v1\/wp-json\/wp\/v2\/posts\/41585\/revisions"}],"predecessor-version":[{"id":41587,"href":"https:\/\/www.blogdothame.blog.br\/v1\/wp-json\/wp\/v2\/posts\/41585\/revisions\/41587"}],"wp:attachment":[{"href":"https:\/\/www.blogdothame.blog.br\/v1\/wp-json\/wp\/v2\/media?parent=41585"}],"wp:term":[{"taxonomy":"category","embeddable":true,"href":"https:\/\/www.blogdothame.blog.br\/v1\/wp-json\/wp\/v2\/categories?post=41585"},{"taxonomy":"post_tag","embeddable":true,"href":"https:\/\/www.blogdothame.blog.br\/v1\/wp-json\/wp\/v2\/tags?post=41585"}],"curies":[{"name":"wp","href":"https:\/\/api.w.org\/{rel}","templated":true}]}}