{"id":41544,"date":"2015-07-29T08:44:49","date_gmt":"2015-07-29T11:44:49","guid":{"rendered":"http:\/\/www.blogdothame.blog.br\/v1\/?p=41544"},"modified":"2015-07-29T08:44:49","modified_gmt":"2015-07-29T11:44:49","slug":"rui-defende-mais-responsabilidade-dos-politicos-com-o-destino-do-pais","status":"publish","type":"post","link":"https:\/\/www.blogdothame.blog.br\/v1\/2015\/07\/29\/rui-defende-mais-responsabilidade-dos-politicos-com-o-destino-do-pais\/","title":{"rendered":"Rui defende mais responsabilidade dos pol\u00edticos com o destino do pa\u00eds"},"content":{"rendered":"<p><img loading=\"lazy\" class=\"alignright size-medium wp-image-41545\" src=\"http:\/\/www.blogdothame.blog.br\/v1\/wp-content\/uploads\/2015\/07\/RC-300x200.jpg\" alt=\"RC\" width=\"300\" height=\"200\" srcset=\"https:\/\/www.blogdothame.blog.br\/v1\/wp-content\/uploads\/2015\/07\/RC-300x200.jpg 300w, https:\/\/www.blogdothame.blog.br\/v1\/wp-content\/uploads\/2015\/07\/RC.jpg 640w\" sizes=\"(max-width: 300px) 100vw, 300px\" \/>O governador Rui Costa, que participa, junto com os demais governadores do pa\u00eds, amanh\u00e3 (30) de um encontro em Bras\u00edlia com a presidente Dilma Roussef, afirmou, nesta ter\u00e7a-feira (28), que a pauta da reuni\u00e3o deve tratar, al\u00e9m do pacto federativo, da responsabilidade que os governadores, deputados, senadores e a pr\u00f3pria presidente Dilma tem pelo destino do pa\u00eds.<\/p>\n<p>\u201cQuando o clima pol\u00edtico se acirra e se come\u00e7a a aprovar projetos com a inten\u00e7\u00e3o de desgastar o governo, ou na linha de quanto pior melhor, quem vai pagar um pre\u00e7o alto por isso \u00e9 a popula\u00e7\u00e3o. Portanto, eu acho que a presidente Dilma acerta e acerta muito quando resolve chamar os governadores para que juntos possamos discutir os destinos do nosso Pa\u00eds\u201d, disse o governador.<\/p>\n<p>Rui Costa defendeu, inclusive, uma agenda permanente, com a reuni\u00e3o acontecendo a cada per\u00edodo, com a elei\u00e7\u00e3o de temas relevantes para a popula\u00e7\u00e3o. \u201cPor exemplo, seguran\u00e7a p\u00fablica. Acho que a presidenta precisa se reunir com os governadores para discutir formas de inser\u00e7\u00e3o do governo federal no tema seguran\u00e7a p\u00fablica\u201d, ressaltou.<\/p>\n<p>Na \u00e1rea da sa\u00fade, o governador Rui Costa defendeu a cria\u00e7\u00e3o de novas fontes de financiamento. \u201cO povo clama e tem urg\u00eancia pela melhoria dos servi\u00e7os de sa\u00fade. Ent\u00e3o, juntos, governadores de todos os partidos pol\u00edticos e a presidente, podemos ir construindo uma agenda para o Brasil e para o povo brasileiro\u201d. \u00a0J\u00e1 no que se refere ao financiamento dos estados, Rui disse ser necess\u00e1rio discutir formas e a\u00e7\u00f5es para melhorar a gest\u00e3o no Brasil. \u201cHoje queremos acessar financiamentos e tem que ter autoriza\u00e7\u00e3o do governo federal\u201d, lembrou.<\/p>\n","protected":false},"excerpt":{"rendered":"<p>O governador Rui Costa, que participa, junto com os demais governadores do pa\u00eds, amanh\u00e3 (30) de um encontro em Bras\u00edlia com a presidente Dilma Roussef, afirmou, nesta ter\u00e7a-feira (28), que a pauta da reuni\u00e3o deve tratar, al\u00e9m do pacto federativo, da responsabilidade que os governadores, deputados, senadores e a pr\u00f3pria presidente Dilma tem pelo destino [&hellip;]<\/p>\n","protected":false},"author":2,"featured_media":0,"comment_status":"open","ping_status":"open","sticky":false,"template":"","format":"standard","meta":{"_links_to":"","_links_to_target":""},"categories":[1],"tags":[12601,361,12602,615],"_links":{"self":[{"href":"https:\/\/www.blogdothame.blog.br\/v1\/wp-json\/wp\/v2\/posts\/41544"}],"collection":[{"href":"https:\/\/www.blogdothame.blog.br\/v1\/wp-json\/wp\/v2\/posts"}],"about":[{"href":"https:\/\/www.blogdothame.blog.br\/v1\/wp-json\/wp\/v2\/types\/post"}],"author":[{"embeddable":true,"href":"https:\/\/www.blogdothame.blog.br\/v1\/wp-json\/wp\/v2\/users\/2"}],"replies":[{"embeddable":true,"href":"https:\/\/www.blogdothame.blog.br\/v1\/wp-json\/wp\/v2\/comments?post=41544"}],"version-history":[{"count":1,"href":"https:\/\/www.blogdothame.blog.br\/v1\/wp-json\/wp\/v2\/posts\/41544\/revisions"}],"predecessor-version":[{"id":41546,"href":"https:\/\/www.blogdothame.blog.br\/v1\/wp-json\/wp\/v2\/posts\/41544\/revisions\/41546"}],"wp:attachment":[{"href":"https:\/\/www.blogdothame.blog.br\/v1\/wp-json\/wp\/v2\/media?parent=41544"}],"wp:term":[{"taxonomy":"category","embeddable":true,"href":"https:\/\/www.blogdothame.blog.br\/v1\/wp-json\/wp\/v2\/categories?post=41544"},{"taxonomy":"post_tag","embeddable":true,"href":"https:\/\/www.blogdothame.blog.br\/v1\/wp-json\/wp\/v2\/tags?post=41544"}],"curies":[{"name":"wp","href":"https:\/\/api.w.org\/{rel}","templated":true}]}}