{"id":41420,"date":"2015-07-24T10:13:42","date_gmt":"2015-07-24T13:13:42","guid":{"rendered":"http:\/\/www.blogdothame.blog.br\/v1\/?p=41420"},"modified":"2015-07-24T10:13:42","modified_gmt":"2015-07-24T13:13:42","slug":"pai-e-tio-sao-presos-por-estuprar-filha-e-sobrinha","status":"publish","type":"post","link":"https:\/\/www.blogdothame.blog.br\/v1\/2015\/07\/24\/pai-e-tio-sao-presos-por-estuprar-filha-e-sobrinha\/","title":{"rendered":"Pai e tio s\u00e3o presos por estuprar  filha e sobrinha"},"content":{"rendered":"<p><img loading=\"lazy\" class=\"alignright  wp-image-41421\" src=\"http:\/\/www.blogdothame.blog.br\/v1\/wp-content\/uploads\/2015\/07\/tara-2-206x300.jpg\" alt=\"tara 2\" width=\"178\" height=\"259\" srcset=\"https:\/\/www.blogdothame.blog.br\/v1\/wp-content\/uploads\/2015\/07\/tara-2-206x300.jpg 206w, https:\/\/www.blogdothame.blog.br\/v1\/wp-content\/uploads\/2015\/07\/tara-2.jpg 503w\" sizes=\"(max-width: 178px) 100vw, 178px\" \/>Uma equipe de investigadores da Delegacia Territorial (DT) de Inhambupe, prendeu os lavradores Jos\u00e9 dos Santos, o \u201cDudu\u201d, de 46 anos, acusado de estuprar a pr\u00f3pria filha de 11 anos, e Ailton Dias dos Santos, o \u201cAtiu\u201d, 40, acusado de estuprar a sobrinha, 10. Ambos tinham mandados de pris\u00e3o em aberto.<\/p>\n<p><img loading=\"lazy\" class=\"alignleft  wp-image-41422\" src=\"http:\/\/www.blogdothame.blog.br\/v1\/wp-content\/uploads\/2015\/07\/tara-1-250x300.jpg\" alt=\"tara 1\" width=\"210\" height=\"252\" srcset=\"https:\/\/www.blogdothame.blog.br\/v1\/wp-content\/uploads\/2015\/07\/tara-1-250x300.jpg 250w, https:\/\/www.blogdothame.blog.br\/v1\/wp-content\/uploads\/2015\/07\/tara-1.jpg 611w\" sizes=\"(max-width: 210px) 100vw, 210px\" \/>\u00a0\u00a0 Segundo o delegado Gustavo Jos\u00e9 Dias, titular da DT\/Inhambupe, a adolescente de 11 anos compareceu a delegacia com a m\u00e3e e denunciou o estupro praticado pelo pai. O crime aconteceu na casa onde reside a fam\u00edlia, em fevereiro desse ano. O acusado teria aproveitado a aus\u00eancia da m\u00e3e da v\u00edtima para cometer o crime.<\/p>\n<p>J\u00e1 \u201cAtiu\u201d, tamb\u00e9m estuprou a sobrinha no interior de sua resid\u00eancia. O crime aconteceu em junho desse ano e foi denunciado pela mulher do acusado, que cuidava da menina para a m\u00e3e dela poder trabalhar. Os dois est\u00e3o na carceragem da DT\/Inhambupe, \u00e0 disposi\u00e7\u00e3o da Justi\u00e7a.<\/p>\n<p><strong>\u00a0<\/strong><\/p>\n<p><strong>\u00a0<\/strong><\/p>\n","protected":false},"excerpt":{"rendered":"<p>Uma equipe de investigadores da Delegacia Territorial (DT) de Inhambupe, prendeu os lavradores Jos\u00e9 dos Santos, o \u201cDudu\u201d, de 46 anos, acusado de estuprar a pr\u00f3pria filha de 11 anos, e Ailton Dias dos Santos, o \u201cAtiu\u201d, 40, acusado de estuprar a sobrinha, 10. Ambos tinham mandados de pris\u00e3o em aberto. \u00a0\u00a0 Segundo o delegado [&hellip;]<\/p>\n","protected":false},"author":2,"featured_media":0,"comment_status":"open","ping_status":"open","sticky":false,"template":"","format":"standard","meta":{"_links_to":"","_links_to_target":""},"categories":[1],"tags":[51,781,12564,12563],"_links":{"self":[{"href":"https:\/\/www.blogdothame.blog.br\/v1\/wp-json\/wp\/v2\/posts\/41420"}],"collection":[{"href":"https:\/\/www.blogdothame.blog.br\/v1\/wp-json\/wp\/v2\/posts"}],"about":[{"href":"https:\/\/www.blogdothame.blog.br\/v1\/wp-json\/wp\/v2\/types\/post"}],"author":[{"embeddable":true,"href":"https:\/\/www.blogdothame.blog.br\/v1\/wp-json\/wp\/v2\/users\/2"}],"replies":[{"embeddable":true,"href":"https:\/\/www.blogdothame.blog.br\/v1\/wp-json\/wp\/v2\/comments?post=41420"}],"version-history":[{"count":1,"href":"https:\/\/www.blogdothame.blog.br\/v1\/wp-json\/wp\/v2\/posts\/41420\/revisions"}],"predecessor-version":[{"id":41423,"href":"https:\/\/www.blogdothame.blog.br\/v1\/wp-json\/wp\/v2\/posts\/41420\/revisions\/41423"}],"wp:attachment":[{"href":"https:\/\/www.blogdothame.blog.br\/v1\/wp-json\/wp\/v2\/media?parent=41420"}],"wp:term":[{"taxonomy":"category","embeddable":true,"href":"https:\/\/www.blogdothame.blog.br\/v1\/wp-json\/wp\/v2\/categories?post=41420"},{"taxonomy":"post_tag","embeddable":true,"href":"https:\/\/www.blogdothame.blog.br\/v1\/wp-json\/wp\/v2\/tags?post=41420"}],"curies":[{"name":"wp","href":"https:\/\/api.w.org\/{rel}","templated":true}]}}