{"id":41352,"date":"2015-07-22T17:10:40","date_gmt":"2015-07-22T20:10:40","guid":{"rendered":"http:\/\/www.blogdothame.blog.br\/v1\/?p=41352"},"modified":"2015-07-22T16:14:34","modified_gmt":"2015-07-22T19:14:34","slug":"baianos-tem-projetos-selecionados-pela-social-good-brasil-lab","status":"publish","type":"post","link":"https:\/\/www.blogdothame.blog.br\/v1\/2015\/07\/22\/baianos-tem-projetos-selecionados-pela-social-good-brasil-lab\/","title":{"rendered":"Baianos t\u00eam projetos selecionados pela Social Good Brasil Lab"},"content":{"rendered":"<div id=\"attachment_41353\" style=\"width: 310px\" class=\"wp-caption alignleft\"><img aria-describedby=\"caption-attachment-41353\" loading=\"lazy\" class=\"size-medium wp-image-41353\" src=\"http:\/\/www.blogdothame.blog.br\/v1\/wp-content\/uploads\/2015\/07\/empre-1-300x200.jpg\" alt=\"Mayra Mezzomo\" width=\"300\" height=\"200\" srcset=\"https:\/\/www.blogdothame.blog.br\/v1\/wp-content\/uploads\/2015\/07\/empre-1-300x200.jpg 300w, https:\/\/www.blogdothame.blog.br\/v1\/wp-content\/uploads\/2015\/07\/empre-1-1024x682.jpg 1024w, https:\/\/www.blogdothame.blog.br\/v1\/wp-content\/uploads\/2015\/07\/empre-1.jpg 1100w\" sizes=\"(max-width: 300px) 100vw, 300px\" \/><p id=\"caption-attachment-41353\" class=\"wp-caption-text\">Mayra Mezzomo<\/p><\/div>\n<p>Jovens, baianos e motivados a melhorar o cotidiano das pessoas, estejam elas na zona urbana ou rural, por meio de inova\u00e7\u00f5es tecnol\u00f3gicas. Este \u00e9 o perfil dos tr\u00eas jovens que est\u00e3o entre os 50 selecionados pelo Social Good Brasil Lab &#8211; um laborat\u00f3rio pioneiro no Brasil no uso de tecnologia para impacto social &#8211; para aprimorar projetos inovadores &#8211; aplicativos &#8211; por eles desenvolvidos. Durante quatro meses, inovadores de todo o Brasil participam de encontros presenciais e trocas de aprendizados por meio de um ambiente virtual.<\/p>\n<div id=\"attachment_41354\" style=\"width: 310px\" class=\"wp-caption alignright\"><img aria-describedby=\"caption-attachment-41354\" loading=\"lazy\" class=\"size-medium wp-image-41354\" src=\"http:\/\/www.blogdothame.blog.br\/v1\/wp-content\/uploads\/2015\/07\/empre-2-300x200.jpg\" alt=\"Fernando Sandes,\" width=\"300\" height=\"200\" srcset=\"https:\/\/www.blogdothame.blog.br\/v1\/wp-content\/uploads\/2015\/07\/empre-2-300x200.jpg 300w, https:\/\/www.blogdothame.blog.br\/v1\/wp-content\/uploads\/2015\/07\/empre-2-1024x682.jpg 1024w, https:\/\/www.blogdothame.blog.br\/v1\/wp-content\/uploads\/2015\/07\/empre-2.jpg 1100w\" sizes=\"(max-width: 300px) 100vw, 300px\" \/><p id=\"caption-attachment-41354\" class=\"wp-caption-text\">Fernando Sandes,<\/p><\/div>\n<p>Para o superintendente de Inova\u00e7\u00e3o da Secretaria de Ci\u00eancia, Tecnologia e Inova\u00e7\u00e3o do Estado (Secti), Thomas Buck, ter tr\u00eas jovens baianos selecionados pelo Social Good \u00e9 motivo de orgulho. Segundo ele, no momento em que os aplicativos desenvolvidos na Bahia geram um valor financeiro, ambiental, social ou sustent\u00e1vel que \u00e9 percebido pela sociedade, confirma-se, portanto, a inova\u00e7\u00e3o. \u201cAcredito que a inova\u00e7\u00e3o s\u00f3 acontece quando h\u00e1 um retorno de valor para a sociedade. N\u00e3o adianta um pesquisador, um inventor independente desenvolver uma t\u00e9cnica, um projeto, um produto, um servi\u00e7o que n\u00e3o d\u00ea um retorno a sociedade\u201d.<\/p>\n<div id=\"attachment_41355\" style=\"width: 310px\" class=\"wp-caption alignleft\"><img aria-describedby=\"caption-attachment-41355\" loading=\"lazy\" class=\"size-medium wp-image-41355\" src=\"http:\/\/www.blogdothame.blog.br\/v1\/wp-content\/uploads\/2015\/07\/empre-3-300x200.jpg\" alt=\"Thomas Buck (fotos: Amanda Oliveira \/GOVBA)\" width=\"300\" height=\"200\" srcset=\"https:\/\/www.blogdothame.blog.br\/v1\/wp-content\/uploads\/2015\/07\/empre-3-300x200.jpg 300w, https:\/\/www.blogdothame.blog.br\/v1\/wp-content\/uploads\/2015\/07\/empre-3-1024x682.jpg 1024w, https:\/\/www.blogdothame.blog.br\/v1\/wp-content\/uploads\/2015\/07\/empre-3.jpg 1100w\" sizes=\"(max-width: 300px) 100vw, 300px\" \/><p id=\"caption-attachment-41355\" class=\"wp-caption-text\">Thomas Buck<br \/>(fotos: Amanda Oliveira \/GOVBA)<\/p><\/div>\n<p>Formada em Produ\u00e7\u00e3o Cultural pela Universidade Federal da Bahia (Ufba), a empreendedora social Mayra Mezzomo, 27 anos, faz parte da dupla de Guanambi, no sudoeste do estado, que idealizou um aplicativo para contribuir com o Sistema \u00danico de Sa\u00fade (SUS). De acordo com ela, o fato de um dos integrantes do grupo atuar como dentista na aten\u00e7\u00e3o b\u00e1sica no munic\u00edpio contribuiu para a cria\u00e7\u00e3o do aplicativo.<\/p>\n<p>Estudante do curso de computa\u00e7\u00e3o na Ufba, Fernando Sandes, 24 anos, \u00e9 um dos criadores da plataforma \u2018Onde Fui Roubado\u2019, que tamb\u00e9m foi selecionada pelo Social Good. Por meio do servi\u00e7o on line, qualquer cidad\u00e3o pode registrar o local, dia e hor\u00e1rio exatos em que foi roubado. O terceiro projeto baiano selecionado pelo Social Good foi desenvolvido por Jonilson de Carvalho, do munic\u00edpio de Malhada, tamb\u00e9m no sudoeste. A iniciativa prop\u00f5e a populariza\u00e7\u00e3o da Irriga\u00e7\u00e3o Parcial do Sistema Radicular (IPSR). Mais informa\u00e7\u00f5es sobre a inscri\u00e7\u00e3o no Social Good Brasil Lab est\u00e3o dispon\u00edveis <a href=\"http:\/\/socialgoodbrasil.org.br\/\"><strong>na internet<\/strong><\/a>.<\/p>\n<p><strong><br \/>\n<\/strong><\/p>\n","protected":false},"excerpt":{"rendered":"<p>Jovens, baianos e motivados a melhorar o cotidiano das pessoas, estejam elas na zona urbana ou rural, por meio de inova\u00e7\u00f5es tecnol\u00f3gicas. Este \u00e9 o perfil dos tr\u00eas jovens que est\u00e3o entre os 50 selecionados pelo Social Good Brasil Lab &#8211; um laborat\u00f3rio pioneiro no Brasil no uso de tecnologia para impacto social &#8211; para [&hellip;]<\/p>\n","protected":false},"author":2,"featured_media":0,"comment_status":"open","ping_status":"open","sticky":false,"template":"","format":"standard","meta":{"_links_to":"","_links_to_target":""},"categories":[1],"tags":[51,8999,12535,12536],"_links":{"self":[{"href":"https:\/\/www.blogdothame.blog.br\/v1\/wp-json\/wp\/v2\/posts\/41352"}],"collection":[{"href":"https:\/\/www.blogdothame.blog.br\/v1\/wp-json\/wp\/v2\/posts"}],"about":[{"href":"https:\/\/www.blogdothame.blog.br\/v1\/wp-json\/wp\/v2\/types\/post"}],"author":[{"embeddable":true,"href":"https:\/\/www.blogdothame.blog.br\/v1\/wp-json\/wp\/v2\/users\/2"}],"replies":[{"embeddable":true,"href":"https:\/\/www.blogdothame.blog.br\/v1\/wp-json\/wp\/v2\/comments?post=41352"}],"version-history":[{"count":1,"href":"https:\/\/www.blogdothame.blog.br\/v1\/wp-json\/wp\/v2\/posts\/41352\/revisions"}],"predecessor-version":[{"id":41356,"href":"https:\/\/www.blogdothame.blog.br\/v1\/wp-json\/wp\/v2\/posts\/41352\/revisions\/41356"}],"wp:attachment":[{"href":"https:\/\/www.blogdothame.blog.br\/v1\/wp-json\/wp\/v2\/media?parent=41352"}],"wp:term":[{"taxonomy":"category","embeddable":true,"href":"https:\/\/www.blogdothame.blog.br\/v1\/wp-json\/wp\/v2\/categories?post=41352"},{"taxonomy":"post_tag","embeddable":true,"href":"https:\/\/www.blogdothame.blog.br\/v1\/wp-json\/wp\/v2\/tags?post=41352"}],"curies":[{"name":"wp","href":"https:\/\/api.w.org\/{rel}","templated":true}]}}