{"id":41030,"date":"2015-07-13T08:58:12","date_gmt":"2015-07-13T11:58:12","guid":{"rendered":"http:\/\/www.blogdothame.blog.br\/v1\/?p=41030"},"modified":"2015-07-13T08:58:12","modified_gmt":"2015-07-13T11:58:12","slug":"oab-discute-violencia-contra-jovens","status":"publish","type":"post","link":"https:\/\/www.blogdothame.blog.br\/v1\/2015\/07\/13\/oab-discute-violencia-contra-jovens\/","title":{"rendered":"OAB discute viol\u00eancia contra jovens"},"content":{"rendered":"<p><img loading=\"lazy\" class=\"alignright size-medium wp-image-41031\" src=\"http:\/\/www.blogdothame.blog.br\/v1\/wp-content\/uploads\/2015\/07\/oab-2-300x200.jpg\" alt=\"oab 2\" width=\"300\" height=\"200\" srcset=\"https:\/\/www.blogdothame.blog.br\/v1\/wp-content\/uploads\/2015\/07\/oab-2-300x200.jpg 300w, https:\/\/www.blogdothame.blog.br\/v1\/wp-content\/uploads\/2015\/07\/oab-2.jpg 820w\" sizes=\"(max-width: 300px) 100vw, 300px\" \/>A mudan\u00e7a das pol\u00edticas p\u00fablicas de seguran\u00e7a, as oportunidades de estudo, trabalho e renda para os jovens, e uma nova postura de rea\u00e7\u00e3o, diante do preconceito racial da sociedade, foram algumas das conclus\u00f5es do debate sobre o genoc\u00eddio de jovens negros e pobres, realizado no audit\u00f3rio da sede da OAB em Salvador.\u00a0\u00a0\u00a0 Um p\u00fablico composto por absoluta maioria de jovens ouviu relatos e se posicionou contra o incremento de mortes por homic\u00eddios da juventude negra e pobre no pa\u00eds. O encontro foi promovido pelo PDRR-Programa de Direito e Rela\u00e7\u00f5es Raciais, cujo presidente e professor da UFBa, Samuel Vida, fez um breve relato da import\u00e2ncia da uni\u00e3o de todos os setores da sociedade para mudar este panorama sombrio de matan\u00e7a da juventude no pa\u00eds.<\/p>\n<p><img loading=\"lazy\" class=\"alignleft size-medium wp-image-41032\" src=\"http:\/\/www.blogdothame.blog.br\/v1\/wp-content\/uploads\/2015\/07\/oab-1-300x200.jpg\" alt=\"oab 1\" width=\"300\" height=\"200\" srcset=\"https:\/\/www.blogdothame.blog.br\/v1\/wp-content\/uploads\/2015\/07\/oab-1-300x200.jpg 300w, https:\/\/www.blogdothame.blog.br\/v1\/wp-content\/uploads\/2015\/07\/oab-1.jpg 627w\" sizes=\"(max-width: 300px) 100vw, 300px\" \/>O deputado federal Davidson Magalh\u00e3es(PCdoB-Ba), membro da CPI da Viol\u00eancia Contra Jovens Negros e Pobres, da C\u00e2mara dos Deputados, abriu os debates falando do trabalho j\u00e1 realizado a n\u00edvel nacional da CPI, inclusive com audi\u00eancias p\u00fablicas em Salvador e Itabuna, e exp\u00f4s alguns dos dados estarrecedores do Mapa da Viol\u00eancia-2015, do soci\u00f3logo Julio Jacobo Waiselfisz. Sobre a impunidade, o deputado federal afirmou que os dados indicam que n\u00e3o se apura nem se pune homic\u00eddio no pa\u00eds. Apenas entre 5% e 8% dos crimes s\u00e3o elucidados e apenas 3% dos homicidas condenados. Este percentual de investiga\u00e7\u00e3o e condena\u00e7\u00e3o \u00e9 de 65% nos Estados Unidos, 90 % na Inglaterra e 80% na Fran\u00e7a. Com rela\u00e7\u00e3o \u00e0 cultura da viol\u00eancia, as causas citadas por Davidson Magalh\u00e3es s\u00e3o: aus\u00eancia de educa\u00e7\u00e3o e de op\u00e7\u00e3o profissional e a inexist\u00eancia de perspectivas de futuro.<\/p>\n<p>O deputado federal Davidson Magalh\u00e3es revelou que a CPI vai propor uma s\u00e9rie de mudan\u00e7as na legisla\u00e7\u00e3o de seguran\u00e7a p\u00fablica e nas a\u00e7\u00f5es do governo: \u201cPrecisamos levar op\u00e7\u00f5es de vida aos jovens expostos \u00e0 vulnerabilidade social. Mudar a legisla\u00e7\u00e3o, que hoje \u00e9 mais rigorosa nos crimes contra o patrim\u00f4nio do que contra as pessoas. Agilizar a Justi\u00e7a. Desmilitarizar a PM. Os autos de resist\u00eancia do C\u00f3digo de Processo Penal s\u00e3o hoje utilizados para justificar a viola\u00e7\u00e3o dos direitos do cidad\u00e3o. Precisamos acabar com isso. Somos tamb\u00e9m contra a redu\u00e7\u00e3o da maioridade penal\u201d.<\/p>\n<p>O encontro teve tamb\u00e9m depoimentos do deputado estadual Marcelino Galo (PT), presidente da Comiss\u00e3o de Direitos Humanos da AL, Silvio Humberto, vereador (PSB), Hamilton Borges, do Quilombo X e Campanha Reaja, Leonardo Queiroz, do Grupo Aganju, M\u00e1rcia Calazans, Coordenadora do Grupo de Pesquisa da Viol\u00eancia, Democracia e Controle Social da Cidadania da P\u00f3s-Gradua\u00e7\u00e3o da UCSal, entre outros.<\/p>\n","protected":false},"excerpt":{"rendered":"<p>A mudan\u00e7a das pol\u00edticas p\u00fablicas de seguran\u00e7a, as oportunidades de estudo, trabalho e renda para os jovens, e uma nova postura de rea\u00e7\u00e3o, diante do preconceito racial da sociedade, foram algumas das conclus\u00f5es do debate sobre o genoc\u00eddio de jovens negros e pobres, realizado no audit\u00f3rio da sede da OAB em Salvador.\u00a0\u00a0\u00a0 Um p\u00fablico composto [&hellip;]<\/p>\n","protected":false},"author":2,"featured_media":0,"comment_status":"open","ping_status":"open","sticky":false,"template":"","format":"standard","meta":{"_links_to":"","_links_to_target":""},"categories":[1],"tags":[51,843,346,12429],"_links":{"self":[{"href":"https:\/\/www.blogdothame.blog.br\/v1\/wp-json\/wp\/v2\/posts\/41030"}],"collection":[{"href":"https:\/\/www.blogdothame.blog.br\/v1\/wp-json\/wp\/v2\/posts"}],"about":[{"href":"https:\/\/www.blogdothame.blog.br\/v1\/wp-json\/wp\/v2\/types\/post"}],"author":[{"embeddable":true,"href":"https:\/\/www.blogdothame.blog.br\/v1\/wp-json\/wp\/v2\/users\/2"}],"replies":[{"embeddable":true,"href":"https:\/\/www.blogdothame.blog.br\/v1\/wp-json\/wp\/v2\/comments?post=41030"}],"version-history":[{"count":1,"href":"https:\/\/www.blogdothame.blog.br\/v1\/wp-json\/wp\/v2\/posts\/41030\/revisions"}],"predecessor-version":[{"id":41033,"href":"https:\/\/www.blogdothame.blog.br\/v1\/wp-json\/wp\/v2\/posts\/41030\/revisions\/41033"}],"wp:attachment":[{"href":"https:\/\/www.blogdothame.blog.br\/v1\/wp-json\/wp\/v2\/media?parent=41030"}],"wp:term":[{"taxonomy":"category","embeddable":true,"href":"https:\/\/www.blogdothame.blog.br\/v1\/wp-json\/wp\/v2\/categories?post=41030"},{"taxonomy":"post_tag","embeddable":true,"href":"https:\/\/www.blogdothame.blog.br\/v1\/wp-json\/wp\/v2\/tags?post=41030"}],"curies":[{"name":"wp","href":"https:\/\/api.w.org\/{rel}","templated":true}]}}