{"id":40966,"date":"2015-07-09T17:11:30","date_gmt":"2015-07-09T20:11:30","guid":{"rendered":"http:\/\/www.blogdothame.blog.br\/v1\/?p=40966"},"modified":"2015-07-09T16:12:49","modified_gmt":"2015-07-09T19:12:49","slug":"secultba-inscreve-para-edital-mobilidade-artistico-cultural-2015","status":"publish","type":"post","link":"https:\/\/www.blogdothame.blog.br\/v1\/2015\/07\/09\/secultba-inscreve-para-edital-mobilidade-artistico-cultural-2015\/","title":{"rendered":"SecultBA inscreve para Edital Mobilidade Art\u00edstico Cultural 2015"},"content":{"rendered":"<p>A Secretaria de Cultura do Estado da Bahia (SecultBA) abriu as inscri\u00e7\u00f5es para o edital Mobilidade Art\u00edstico Cultural 2015. O edital oferece suporte financeiro a artistas e promotores culturais selecionados possibilitando que tenham experi\u00eancias em outros pa\u00edses e estados brasileiros. As inscri\u00e7\u00f5es podem ser realizadas por meio de envio de documenta\u00e7\u00e3o via Correios. Ser\u00e3o duas sele\u00e7\u00f5es em 2015 que visam apoiar iniciativas de resid\u00eancia, de forma\u00e7\u00e3o, de interc\u00e2mbio e difus\u00e3o art\u00edstico-cultural no Brasil e no exterior, com o valor total de R$ 500 mil via Fundo de Cultura do Estado da Bahia. As inscri\u00e7\u00f5es para a primeira sele\u00e7\u00e3o v\u00e3o at\u00e9 o dia 07\/08\/2015 e a segunda sele\u00e7\u00e3o come\u00e7a em 08\/08 e segue at\u00e9 07\/09\/2015.<\/p>\n<p>O edital Mobilidade Art\u00edstico Cultural 2015 contribui para o desenvolvimento e inser\u00e7\u00e3o nacional e internacional do setor cultural do Estado, e para a circula\u00e7\u00e3o de artistas e propostas culturais. O financiamento ir\u00e1 possibilitar resid\u00eancias, interc\u00e2mbios, difus\u00e3o, circula\u00e7\u00e3o e forma\u00e7\u00e3o na \u00e1rea de artes e cultura para pessoas, grupos ou obras. Alexandre Sim\u00f5es, superintendente de Promo\u00e7\u00e3o Cultural da SecultBA, analisa que essa chamada p\u00fablica promove a inser\u00e7\u00e3o qualificada do Estado no cen\u00e1rio internacional, estimulando o di\u00e1logo intercultural, a aprendizagem, trabalhos colaborativos e o acesso a novos conte\u00fados. \u201cO Programa de Apoio \u00e0 Mobilidade Art\u00edstica e Cultural espera contribuir para o desenvolvimento e renova\u00e7\u00e3o da cena cultural local, a aproxima\u00e7\u00e3o e fortalecimento de la\u00e7os culturais com outros pa\u00edses e a cria\u00e7\u00e3o de oportunidades de neg\u00f3cios, com a promo\u00e7\u00e3o de exporta\u00e7\u00e3o de bens e servi\u00e7os culturais, e de participa\u00e7\u00e3o no mercado internacional\u201d, afirma o superintendente.<\/p>\n","protected":false},"excerpt":{"rendered":"<p>A Secretaria de Cultura do Estado da Bahia (SecultBA) abriu as inscri\u00e7\u00f5es para o edital Mobilidade Art\u00edstico Cultural 2015. O edital oferece suporte financeiro a artistas e promotores culturais selecionados possibilitando que tenham experi\u00eancias em outros pa\u00edses e estados brasileiros. As inscri\u00e7\u00f5es podem ser realizadas por meio de envio de documenta\u00e7\u00e3o via Correios. Ser\u00e3o duas [&hellip;]<\/p>\n","protected":false},"author":2,"featured_media":0,"comment_status":"open","ping_status":"open","sticky":false,"template":"","format":"standard","meta":{"_links_to":"","_links_to_target":""},"categories":[1],"tags":[12410,9205],"_links":{"self":[{"href":"https:\/\/www.blogdothame.blog.br\/v1\/wp-json\/wp\/v2\/posts\/40966"}],"collection":[{"href":"https:\/\/www.blogdothame.blog.br\/v1\/wp-json\/wp\/v2\/posts"}],"about":[{"href":"https:\/\/www.blogdothame.blog.br\/v1\/wp-json\/wp\/v2\/types\/post"}],"author":[{"embeddable":true,"href":"https:\/\/www.blogdothame.blog.br\/v1\/wp-json\/wp\/v2\/users\/2"}],"replies":[{"embeddable":true,"href":"https:\/\/www.blogdothame.blog.br\/v1\/wp-json\/wp\/v2\/comments?post=40966"}],"version-history":[{"count":1,"href":"https:\/\/www.blogdothame.blog.br\/v1\/wp-json\/wp\/v2\/posts\/40966\/revisions"}],"predecessor-version":[{"id":40967,"href":"https:\/\/www.blogdothame.blog.br\/v1\/wp-json\/wp\/v2\/posts\/40966\/revisions\/40967"}],"wp:attachment":[{"href":"https:\/\/www.blogdothame.blog.br\/v1\/wp-json\/wp\/v2\/media?parent=40966"}],"wp:term":[{"taxonomy":"category","embeddable":true,"href":"https:\/\/www.blogdothame.blog.br\/v1\/wp-json\/wp\/v2\/categories?post=40966"},{"taxonomy":"post_tag","embeddable":true,"href":"https:\/\/www.blogdothame.blog.br\/v1\/wp-json\/wp\/v2\/tags?post=40966"}],"curies":[{"name":"wp","href":"https:\/\/api.w.org\/{rel}","templated":true}]}}