{"id":40389,"date":"2015-06-19T08:46:43","date_gmt":"2015-06-19T11:46:43","guid":{"rendered":"http:\/\/www.blogdothame.blog.br\/v1\/?p=40389"},"modified":"2015-06-19T08:57:52","modified_gmt":"2015-06-19T11:57:52","slug":"ilheus-menina-de-11-anos-mata-jovem-de-26-em-briga-de-bar","status":"publish","type":"post","link":"https:\/\/www.blogdothame.blog.br\/v1\/2015\/06\/19\/ilheus-menina-de-11-anos-mata-jovem-de-26-em-briga-de-bar\/","title":{"rendered":"Ilh\u00e9us: menina de 11 anos mata jovem de 26 em briga de bar"},"content":{"rendered":"<p>Uma adolescente de 11 anos matou uma jovem de 26 em um bar de Ilh\u00e9us, sul do estado, nesta quinta-feira (18). De acordo com a pol\u00edcia, a menina agrediu a v\u00edtima a golpes de canivete, ap\u00f3s uma briga, por volta das 4h, e o crime teria sido motivado por ci\u00fames. A crian\u00e7a confessou o crime \u00e0 delegada Andr\u00e9a Oliveira. &#8220;A menor disse que estava no bar com a m\u00e3e, sentada, tomando refrigerante, quando elas [crian\u00e7a e m\u00e3e] come\u00e7aram a dan\u00e7ar. A v\u00edtima, que estava com o namorado, ficou com ci\u00fames por conta da menina. A crian\u00e7a disse que, quando ela foi ao banheiro, a v\u00edtima foi atr\u00e1s, puxou o cabelo dela e a briga come\u00e7ou. Ent\u00e3o ela tirou o canivete da calcinha e atacou a mulher&#8221;, informou a delegada ao G1.<\/p>\n<p>Ainda segundo testemunhas, quando a mulher atingida foi embora, a menina a seguiu e por tr\u00e1s desferiu outro golpe de canivete. O namorado da v\u00edtima j\u00e1 havia ido embora. Ainda segundo a pol\u00edcia, a mulher chegou a ser socorrida para um hospital, mas n\u00e3o resistiu e morreu. A crian\u00e7a foi ouvida e encaminhada para Vara da Inf\u00e2ncia e Juventude de Ilh\u00e9us.<\/p>\n","protected":false},"excerpt":{"rendered":"<p>Uma adolescente de 11 anos matou uma jovem de 26 em um bar de Ilh\u00e9us, sul do estado, nesta quinta-feira (18). De acordo com a pol\u00edcia, a menina agrediu a v\u00edtima a golpes de canivete, ap\u00f3s uma briga, por volta das 4h, e o crime teria sido motivado por ci\u00fames. A crian\u00e7a confessou o crime [&hellip;]<\/p>\n","protected":false},"author":2,"featured_media":0,"comment_status":"open","ping_status":"open","sticky":false,"template":"","format":"standard","meta":{"_links_to":"","_links_to_target":""},"categories":[1],"tags":[782,218,8196,185],"_links":{"self":[{"href":"https:\/\/www.blogdothame.blog.br\/v1\/wp-json\/wp\/v2\/posts\/40389"}],"collection":[{"href":"https:\/\/www.blogdothame.blog.br\/v1\/wp-json\/wp\/v2\/posts"}],"about":[{"href":"https:\/\/www.blogdothame.blog.br\/v1\/wp-json\/wp\/v2\/types\/post"}],"author":[{"embeddable":true,"href":"https:\/\/www.blogdothame.blog.br\/v1\/wp-json\/wp\/v2\/users\/2"}],"replies":[{"embeddable":true,"href":"https:\/\/www.blogdothame.blog.br\/v1\/wp-json\/wp\/v2\/comments?post=40389"}],"version-history":[{"count":1,"href":"https:\/\/www.blogdothame.blog.br\/v1\/wp-json\/wp\/v2\/posts\/40389\/revisions"}],"predecessor-version":[{"id":40390,"href":"https:\/\/www.blogdothame.blog.br\/v1\/wp-json\/wp\/v2\/posts\/40389\/revisions\/40390"}],"wp:attachment":[{"href":"https:\/\/www.blogdothame.blog.br\/v1\/wp-json\/wp\/v2\/media?parent=40389"}],"wp:term":[{"taxonomy":"category","embeddable":true,"href":"https:\/\/www.blogdothame.blog.br\/v1\/wp-json\/wp\/v2\/categories?post=40389"},{"taxonomy":"post_tag","embeddable":true,"href":"https:\/\/www.blogdothame.blog.br\/v1\/wp-json\/wp\/v2\/tags?post=40389"}],"curies":[{"name":"wp","href":"https:\/\/api.w.org\/{rel}","templated":true}]}}