{"id":40127,"date":"2015-06-08T17:17:12","date_gmt":"2015-06-08T20:17:12","guid":{"rendered":"http:\/\/www.blogdothame.blog.br\/v1\/?p=40127"},"modified":"2015-06-08T17:30:52","modified_gmt":"2015-06-08T20:30:52","slug":"traficante-e-preso-com-200-quilos-de-maconha-em-feira-de-santana","status":"publish","type":"post","link":"https:\/\/www.blogdothame.blog.br\/v1\/2015\/06\/08\/traficante-e-preso-com-200-quilos-de-maconha-em-feira-de-santana\/","title":{"rendered":"Traficante \u00e9 preso com 200 quilos de maconha em Feira de Santana"},"content":{"rendered":"<p><img loading=\"lazy\" class=\"alignright size-medium wp-image-40128\" src=\"http:\/\/www.blogdothame.blog.br\/v1\/wp-content\/uploads\/2015\/06\/mac-onha-300x300.jpg\" alt=\"mac onha\" width=\"300\" height=\"300\" srcset=\"https:\/\/www.blogdothame.blog.br\/v1\/wp-content\/uploads\/2015\/06\/mac-onha-300x300.jpg 300w, https:\/\/www.blogdothame.blog.br\/v1\/wp-content\/uploads\/2015\/06\/mac-onha-150x150.jpg 150w, https:\/\/www.blogdothame.blog.br\/v1\/wp-content\/uploads\/2015\/06\/mac-onha.jpg 793w\" sizes=\"(max-width: 300px) 100vw, 300px\" \/>Duzentos quilos de maconha foram apreendidos em poder do traficante Ant\u00f4nio Jos\u00e9 Farias Costa, de 33 anos. Ele foi surpreendido pelos investigadores da Delegacia de T\u00f3xicos e Entorpecentes (DTE), de Feira de Santana, e da Coordena\u00e7\u00e3o de Narc\u00f3ticos do Departamento de Combate e Repress\u00e3o ao Crime Organizado (Draco).<\/p>\n<p>Ant\u00f4nio foi preso no Km 7, na \u00a0BR-116, pr\u00f3ximo ao posto da Pol\u00edcia Rodovi\u00e1ria Federal (PRF),\u00a0imedia\u00e7\u00f5es de Feira, em um ve\u00edculo Corsa, modelo sedan, cor prata,\u00a0de placa NYX &#8211; 0122, transportando a droga.<\/p>\n<p>De acordo com o delegado Alexandre Narita, coordenador de Narc\u00f3ticos do Draco, o traficante disse, em depoimento, que pegou a droga na cidade de Ipir\u00e1 e tinha como destino a cidade de Feira de Santana, onde \u00a0receberia a quantia de R$ 5 mil pelo transporte do entorpecente.<\/p>\n<p>Com passagem por tr\u00e1fico de drogas, Ant\u00f4nio foi autuado pela delegada Klaudine Passos, titular da DTE\/Feira, mais uma vez por tr\u00e1fico e conduzido ao pres\u00eddio regional de Feira de Santana. A droga apreendida foi encaminhada para pericia no Departamento de Pol\u00edcia T\u00e9cnica (DPT).<\/p>\n","protected":false},"excerpt":{"rendered":"<p>Duzentos quilos de maconha foram apreendidos em poder do traficante Ant\u00f4nio Jos\u00e9 Farias Costa, de 33 anos. Ele foi surpreendido pelos investigadores da Delegacia de T\u00f3xicos e Entorpecentes (DTE), de Feira de Santana, e da Coordena\u00e7\u00e3o de Narc\u00f3ticos do Departamento de Combate e Repress\u00e3o ao Crime Organizado (Draco). Ant\u00f4nio foi preso no Km 7, na [&hellip;]<\/p>\n","protected":false},"author":2,"featured_media":0,"comment_status":"open","ping_status":"open","sticky":false,"template":"","format":"standard","meta":{"_links_to":"","_links_to_target":""},"categories":[1],"tags":[358,62,55,1400],"_links":{"self":[{"href":"https:\/\/www.blogdothame.blog.br\/v1\/wp-json\/wp\/v2\/posts\/40127"}],"collection":[{"href":"https:\/\/www.blogdothame.blog.br\/v1\/wp-json\/wp\/v2\/posts"}],"about":[{"href":"https:\/\/www.blogdothame.blog.br\/v1\/wp-json\/wp\/v2\/types\/post"}],"author":[{"embeddable":true,"href":"https:\/\/www.blogdothame.blog.br\/v1\/wp-json\/wp\/v2\/users\/2"}],"replies":[{"embeddable":true,"href":"https:\/\/www.blogdothame.blog.br\/v1\/wp-json\/wp\/v2\/comments?post=40127"}],"version-history":[{"count":1,"href":"https:\/\/www.blogdothame.blog.br\/v1\/wp-json\/wp\/v2\/posts\/40127\/revisions"}],"predecessor-version":[{"id":40129,"href":"https:\/\/www.blogdothame.blog.br\/v1\/wp-json\/wp\/v2\/posts\/40127\/revisions\/40129"}],"wp:attachment":[{"href":"https:\/\/www.blogdothame.blog.br\/v1\/wp-json\/wp\/v2\/media?parent=40127"}],"wp:term":[{"taxonomy":"category","embeddable":true,"href":"https:\/\/www.blogdothame.blog.br\/v1\/wp-json\/wp\/v2\/categories?post=40127"},{"taxonomy":"post_tag","embeddable":true,"href":"https:\/\/www.blogdothame.blog.br\/v1\/wp-json\/wp\/v2\/tags?post=40127"}],"curies":[{"name":"wp","href":"https:\/\/api.w.org\/{rel}","templated":true}]}}