{"id":40004,"date":"2015-06-03T08:26:37","date_gmt":"2015-06-03T11:26:37","guid":{"rendered":"http:\/\/www.blogdothame.blog.br\/v1\/?p=40004"},"modified":"2015-06-03T08:36:12","modified_gmt":"2015-06-03T11:36:12","slug":"tce-aprova-contas-do-ultimo-ano-de-wagner","status":"publish","type":"post","link":"https:\/\/www.blogdothame.blog.br\/v1\/2015\/06\/03\/tce-aprova-contas-do-ultimo-ano-de-wagner\/","title":{"rendered":"TCE aprova contas do \u00faltimo ano de Wagner"},"content":{"rendered":"<p><img loading=\"lazy\" class=\"alignleft size-medium wp-image-40010\" src=\"http:\/\/www.blogdothame.blog.br\/v1\/wp-content\/uploads\/2015\/06\/tce-jw-300x221.jpg\" alt=\"tce jw\" width=\"300\" height=\"221\" srcset=\"https:\/\/www.blogdothame.blog.br\/v1\/wp-content\/uploads\/2015\/06\/tce-jw-300x221.jpg 300w, https:\/\/www.blogdothame.blog.br\/v1\/wp-content\/uploads\/2015\/06\/tce-jw.jpg 380w\" sizes=\"(max-width: 300px) 100vw, 300px\" \/>O Tribunal de Contas do Estado da Bahia aprovou, nesta ter\u00e7a-feira, o parecer pr\u00e9vio sobre a presta\u00e7\u00e3o de contas do \u00faltimo ano de gest\u00e3o do ex-governador Jaques Wagner.O documento ser\u00e1 enviado para julgamento da Assembleia Legislativa da Bahia. Os conselheiros do TCE optaram, por maioria, pela aprova\u00e7\u00e3o, com recomenda\u00e7\u00f5es, cabendo aos deputados a decis\u00e3o final.<\/p>\n<p>O trabalho realizado pela relatora Carolina Costa foi elogiado por todos os conselheiros em raz\u00e3o da densidade do relat\u00f3rio e do parecer pr\u00e9vio apresentado. Na vota\u00e7\u00e3o, as ressalvas e determina\u00e7\u00f5es que haviam sido propostas inicialmente foram transformadas em recomenda\u00e7\u00f5es. O TCE tem prazo legal at\u00e9 18 de junho para encaminhar o parecer \u00e0 Assembleia Legislativa.<\/p>\n<p>Entre as recomenda\u00e7\u00f5esque devem ser encaminhadas ao governador Rui Costa, pela Assembleia, est\u00e1 a necessidade de implantar metodologias e processos de acompanhamento e avalia\u00e7\u00e3o do PPA (Plano Plurianual). Eles devem permitir &#8220;identificar e aferir os resultados das metas dos compromissos, al\u00e9m de mensurar os benef\u00edcios pela execu\u00e7\u00e3o do programa ao p\u00fablico-alvo\u201d.<\/p>\n","protected":false},"excerpt":{"rendered":"<p>O Tribunal de Contas do Estado da Bahia aprovou, nesta ter\u00e7a-feira, o parecer pr\u00e9vio sobre a presta\u00e7\u00e3o de contas do \u00faltimo ano de gest\u00e3o do ex-governador Jaques Wagner.O documento ser\u00e1 enviado para julgamento da Assembleia Legislativa da Bahia. Os conselheiros do TCE optaram, por maioria, pela aprova\u00e7\u00e3o, com recomenda\u00e7\u00f5es, cabendo aos deputados a decis\u00e3o final. [&hellip;]<\/p>\n","protected":false},"author":2,"featured_media":0,"comment_status":"open","ping_status":"open","sticky":false,"template":"","format":"standard","meta":{"_links_to":"","_links_to_target":""},"categories":[1],"tags":[3478,59,11209],"_links":{"self":[{"href":"https:\/\/www.blogdothame.blog.br\/v1\/wp-json\/wp\/v2\/posts\/40004"}],"collection":[{"href":"https:\/\/www.blogdothame.blog.br\/v1\/wp-json\/wp\/v2\/posts"}],"about":[{"href":"https:\/\/www.blogdothame.blog.br\/v1\/wp-json\/wp\/v2\/types\/post"}],"author":[{"embeddable":true,"href":"https:\/\/www.blogdothame.blog.br\/v1\/wp-json\/wp\/v2\/users\/2"}],"replies":[{"embeddable":true,"href":"https:\/\/www.blogdothame.blog.br\/v1\/wp-json\/wp\/v2\/comments?post=40004"}],"version-history":[{"count":2,"href":"https:\/\/www.blogdothame.blog.br\/v1\/wp-json\/wp\/v2\/posts\/40004\/revisions"}],"predecessor-version":[{"id":40011,"href":"https:\/\/www.blogdothame.blog.br\/v1\/wp-json\/wp\/v2\/posts\/40004\/revisions\/40011"}],"wp:attachment":[{"href":"https:\/\/www.blogdothame.blog.br\/v1\/wp-json\/wp\/v2\/media?parent=40004"}],"wp:term":[{"taxonomy":"category","embeddable":true,"href":"https:\/\/www.blogdothame.blog.br\/v1\/wp-json\/wp\/v2\/categories?post=40004"},{"taxonomy":"post_tag","embeddable":true,"href":"https:\/\/www.blogdothame.blog.br\/v1\/wp-json\/wp\/v2\/tags?post=40004"}],"curies":[{"name":"wp","href":"https:\/\/api.w.org\/{rel}","templated":true}]}}