{"id":39981,"date":"2015-06-02T11:14:43","date_gmt":"2015-06-02T14:14:43","guid":{"rendered":"http:\/\/www.blogdothame.blog.br\/v1\/?p=39981"},"modified":"2015-06-02T09:17:34","modified_gmt":"2015-06-02T12:17:34","slug":"igreja-batista-faz-campanha-de-prevencao-ao-cancer-de-prostata","status":"publish","type":"post","link":"https:\/\/www.blogdothame.blog.br\/v1\/2015\/06\/02\/igreja-batista-faz-campanha-de-prevencao-ao-cancer-de-prostata\/","title":{"rendered":"Igreja Batista faz campanha de preven\u00e7\u00e3o ao c\u00e2ncer de pr\u00f3stata"},"content":{"rendered":"<p><img loading=\"lazy\" class=\"alignright size-medium wp-image-39982\" src=\"http:\/\/www.blogdothame.blog.br\/v1\/wp-content\/uploads\/2015\/06\/cabra-macho-300x186.jpg\" alt=\"cabra macho\" width=\"300\" height=\"186\" srcset=\"https:\/\/www.blogdothame.blog.br\/v1\/wp-content\/uploads\/2015\/06\/cabra-macho-300x186.jpg 300w, https:\/\/www.blogdothame.blog.br\/v1\/wp-content\/uploads\/2015\/06\/cabra-macho-1024x635.jpg 1024w, https:\/\/www.blogdothame.blog.br\/v1\/wp-content\/uploads\/2015\/06\/cabra-macho.jpg 1241w\" sizes=\"(max-width: 300px) 100vw, 300px\" \/>O Minist\u00e9rio de A\u00e7\u00e3o Social, da Igreja Batista Teos\u00f3polis, realizar\u00e1 nos pr\u00f3ximos dias 13 e 14 a campanha \u201cCabra Macho, Sim Senhor\u201d com o objetivo de prevenir o c\u00e2ncer de pr\u00f3stata em homens a partir dos 45 anos. O sucesso do evento se repete h\u00e1 dois anos, com uma m\u00e9dia de atendimento de 450 a 500 homens. Os exames s\u00e3o gratuitos.<\/p>\n<p>A a\u00e7\u00e3o \u00e9 coordenada por Onalg\u00edsio Pinheiro, respons\u00e1vel pelo Minist\u00e9rio de A\u00e7\u00e3o Social da Igreja Batista Teos\u00f3polis, o m\u00e9dico urologista Dr. Jo\u00e3o Correia e o biom\u00e9dico Michel Matos. A cria\u00e7\u00e3o da campanha \u201cCabra Macho, Sim Senhor\u201d \u00e9 do Minist\u00e9rio de Comunica\u00e7\u00e3o da Igreja Batista Teos\u00f3polis. A ideia de usar a figura nordestina do \u201ccabra macho\u201d \u00e9 exatamente quebrar o preconceito que existe em torno do assunto, mostrando que todo homem acima de 45 anos pode e deve fazer o exame de pr\u00f3stata.<\/p>\n<p>A programa\u00e7\u00e3o come\u00e7a \u00e0s 19h30 do dia 13\/06 com uma palestra informativa do m\u00e9dico Jo\u00e3o Correia. \u00c0s 6h do Domingo, 14\/06, come\u00e7am os exames de sangue e em seguida, os de pr\u00f3stata. Para o exame \u00e9 preciso estar em jejum de no m\u00ednimo oito horas e, no m\u00e1ximo, doze. \u00c9 necess\u00e1rio, ainda, abstin\u00eancia sexual de tr\u00eas dias antes do exame. No dia anterior, n\u00e3o pode andar a cavalo e nem de bicicleta. N\u00e3o esquecer que o documento de identidade tamb\u00e9m deve estar em m\u00e3os.<\/p>\n<p>Mais informa\u00e7\u00f5es podem ser obtidas na Igreja Batista Teos\u00f3polis, na Av. F\u00e9lix Mendon\u00e7a, 75, bairro Concei\u00e7\u00e3o. Tel: 73 3212-3012 ou 3613-7236 e no email: <a href=\"mailto:ibteosopolis@gmail.com\">ibteosopolis@gmail.com<\/a>.<\/p>\n","protected":false},"excerpt":{"rendered":"<p>O Minist\u00e9rio de A\u00e7\u00e3o Social, da Igreja Batista Teos\u00f3polis, realizar\u00e1 nos pr\u00f3ximos dias 13 e 14 a campanha \u201cCabra Macho, Sim Senhor\u201d com o objetivo de prevenir o c\u00e2ncer de pr\u00f3stata em homens a partir dos 45 anos. O sucesso do evento se repete h\u00e1 dois anos, com uma m\u00e9dia de atendimento de 450 a [&hellip;]<\/p>\n","protected":false},"author":2,"featured_media":0,"comment_status":"open","ping_status":"open","sticky":false,"template":"","format":"standard","meta":{"_links_to":"","_links_to_target":""},"categories":[1],"tags":[12144,12141,39,12140,12143,12142],"_links":{"self":[{"href":"https:\/\/www.blogdothame.blog.br\/v1\/wp-json\/wp\/v2\/posts\/39981"}],"collection":[{"href":"https:\/\/www.blogdothame.blog.br\/v1\/wp-json\/wp\/v2\/posts"}],"about":[{"href":"https:\/\/www.blogdothame.blog.br\/v1\/wp-json\/wp\/v2\/types\/post"}],"author":[{"embeddable":true,"href":"https:\/\/www.blogdothame.blog.br\/v1\/wp-json\/wp\/v2\/users\/2"}],"replies":[{"embeddable":true,"href":"https:\/\/www.blogdothame.blog.br\/v1\/wp-json\/wp\/v2\/comments?post=39981"}],"version-history":[{"count":1,"href":"https:\/\/www.blogdothame.blog.br\/v1\/wp-json\/wp\/v2\/posts\/39981\/revisions"}],"predecessor-version":[{"id":39983,"href":"https:\/\/www.blogdothame.blog.br\/v1\/wp-json\/wp\/v2\/posts\/39981\/revisions\/39983"}],"wp:attachment":[{"href":"https:\/\/www.blogdothame.blog.br\/v1\/wp-json\/wp\/v2\/media?parent=39981"}],"wp:term":[{"taxonomy":"category","embeddable":true,"href":"https:\/\/www.blogdothame.blog.br\/v1\/wp-json\/wp\/v2\/categories?post=39981"},{"taxonomy":"post_tag","embeddable":true,"href":"https:\/\/www.blogdothame.blog.br\/v1\/wp-json\/wp\/v2\/tags?post=39981"}],"curies":[{"name":"wp","href":"https:\/\/api.w.org\/{rel}","templated":true}]}}