{"id":39965,"date":"2015-06-01T18:30:47","date_gmt":"2015-06-01T21:30:47","guid":{"rendered":"http:\/\/www.blogdothame.blog.br\/v1\/?p=39965"},"modified":"2015-06-01T18:07:43","modified_gmt":"2015-06-01T21:07:43","slug":"trio-e-flagrado-com-drogas-e-arma-em-vitoria-da-conquista","status":"publish","type":"post","link":"https:\/\/www.blogdothame.blog.br\/v1\/2015\/06\/01\/trio-e-flagrado-com-drogas-e-arma-em-vitoria-da-conquista\/","title":{"rendered":"Trio \u00e9 flagrado com drogas e arma em Vit\u00f3ria da Conquista"},"content":{"rendered":"<p>&nbsp;<\/p>\n<p><img loading=\"lazy\" class=\"alignleft size-medium wp-image-39966\" src=\"http:\/\/www.blogdothame.blog.br\/v1\/wp-content\/uploads\/2015\/06\/drugas-300x192.jpg\" alt=\"drugas\" width=\"300\" height=\"192\" srcset=\"https:\/\/www.blogdothame.blog.br\/v1\/wp-content\/uploads\/2015\/06\/drugas-300x192.jpg 300w, https:\/\/www.blogdothame.blog.br\/v1\/wp-content\/uploads\/2015\/06\/drugas-1024x655.jpg 1024w, https:\/\/www.blogdothame.blog.br\/v1\/wp-content\/uploads\/2015\/06\/drugas.jpg 1204w\" sizes=\"(max-width: 300px) 100vw, 300px\" \/>Mil e quinhentas pedras de crack, por\u00e7\u00f5es de maconha e coca\u00edna, duas balan\u00e7as de precis\u00e3o e um rev\u00f3lver calibre 38, municiado, foram apreendidos com os traficantes Uerlei Ribeiro da Silva, Jos\u00e9 Henrique da Silva Lima, o \u201cTutuca\u201d, e Nadine Oliveira Santos, neste fim de semana. O trio foi preso no bairro de Santa Terezinha, em Vit\u00f3ria da Conquista, por investigadores da Delegacia de Homic\u00eddios (DH).<\/p>\n<p>\u201cTutuca\u201d estava em liberdade provis\u00f3ria, concedida pela Justi\u00e7a desde a quarta-feira (24). Preso por roubo, o qual j\u00e1 respondia no Pres\u00eddio Nilton Gon\u00e7alves, para onde retornou, ele e os comparsas foram autuados por tr\u00e1fico de drogas, associa\u00e7\u00e3o para o tr\u00e1fico, porte ilegal de arma de fogo e muni\u00e7\u00f5es e corrup\u00e7\u00e3o de menores.<\/p>\n<p>De acordo com o delegado Neuberto Costa, titular da DH, os criminosos foram flagrados embalando e comercializando as drogas. Tr\u00eas adolescentes que estavam no local foram apreendidos e est\u00e3o \u00e0 disposi\u00e7\u00e3o do Minist\u00e9rio P\u00fablico e da Vara da Inf\u00e2ncia e Juventude. Uma delas, de 13 anos, que se relacionava com Uerlei, foi encaminhada \u00e0 Delegacia Especial de Aten\u00e7\u00e3o \u00e0 Mulher (DEAM) e ser\u00e1 submetida a exame de conjun\u00e7\u00e3o carnal, j\u00e1 que afirma estar gr\u00e1vida do traficante.<\/p>\n<p>Uerlei, que j\u00e1 tem passagem por tr\u00e1fico, \u00e9 acusado de envolvimento em homic\u00eddios ocorridos, neste ano, no bairro Campinhos, em Vit\u00f3ria da Conquista. Ele poder\u00e1 responder tamb\u00e9m pelo crime de estupro de vulner\u00e1vel. Todos foram encaminhados ao Pres\u00eddio Nilton Gon\u00e7alves.<\/p>\n","protected":false},"excerpt":{"rendered":"<p>&nbsp; Mil e quinhentas pedras de crack, por\u00e7\u00f5es de maconha e coca\u00edna, duas balan\u00e7as de precis\u00e3o e um rev\u00f3lver calibre 38, municiado, foram apreendidos com os traficantes Uerlei Ribeiro da Silva, Jos\u00e9 Henrique da Silva Lima, o \u201cTutuca\u201d, e Nadine Oliveira Santos, neste fim de semana. O trio foi preso no bairro de Santa Terezinha, [&hellip;]<\/p>\n","protected":false},"author":2,"featured_media":0,"comment_status":"open","ping_status":"open","sticky":false,"template":"","format":"standard","meta":{"_links_to":"","_links_to_target":""},"categories":[1],"tags":[51,55,1400,625],"_links":{"self":[{"href":"https:\/\/www.blogdothame.blog.br\/v1\/wp-json\/wp\/v2\/posts\/39965"}],"collection":[{"href":"https:\/\/www.blogdothame.blog.br\/v1\/wp-json\/wp\/v2\/posts"}],"about":[{"href":"https:\/\/www.blogdothame.blog.br\/v1\/wp-json\/wp\/v2\/types\/post"}],"author":[{"embeddable":true,"href":"https:\/\/www.blogdothame.blog.br\/v1\/wp-json\/wp\/v2\/users\/2"}],"replies":[{"embeddable":true,"href":"https:\/\/www.blogdothame.blog.br\/v1\/wp-json\/wp\/v2\/comments?post=39965"}],"version-history":[{"count":1,"href":"https:\/\/www.blogdothame.blog.br\/v1\/wp-json\/wp\/v2\/posts\/39965\/revisions"}],"predecessor-version":[{"id":39967,"href":"https:\/\/www.blogdothame.blog.br\/v1\/wp-json\/wp\/v2\/posts\/39965\/revisions\/39967"}],"wp:attachment":[{"href":"https:\/\/www.blogdothame.blog.br\/v1\/wp-json\/wp\/v2\/media?parent=39965"}],"wp:term":[{"taxonomy":"category","embeddable":true,"href":"https:\/\/www.blogdothame.blog.br\/v1\/wp-json\/wp\/v2\/categories?post=39965"},{"taxonomy":"post_tag","embeddable":true,"href":"https:\/\/www.blogdothame.blog.br\/v1\/wp-json\/wp\/v2\/tags?post=39965"}],"curies":[{"name":"wp","href":"https:\/\/api.w.org\/{rel}","templated":true}]}}