{"id":39623,"date":"2015-05-20T17:50:40","date_gmt":"2015-05-20T20:50:40","guid":{"rendered":"http:\/\/www.blogdothame.blog.br\/v1\/?p=39623"},"modified":"2015-05-20T16:36:55","modified_gmt":"2015-05-20T19:36:55","slug":"em-defesa-do-pacto-federativo-rui-pede-dialogo-entre-congresso-e-governadores","status":"publish","type":"post","link":"https:\/\/www.blogdothame.blog.br\/v1\/2015\/05\/20\/em-defesa-do-pacto-federativo-rui-pede-dialogo-entre-congresso-e-governadores\/","title":{"rendered":"Em defesa do pacto federativo, Rui pede di\u00e1logo entre Congresso e governadores"},"content":{"rendered":"<p><img loading=\"lazy\" class=\" wp-image-39624\" src=\"http:\/\/www.blogdothame.blog.br\/v1\/wp-content\/uploads\/2015\/05\/pacto-1-300x200.jpg\" alt=\"Congresso e governadores debatem o pacto federativo. O presidente do Congresso Nacional, senador Renan Calheiros (PMDB-AL) recebe os 27 governadores estaduais do pa\u00c3\u00ads para uma reuni\u00c3\u00a3o p\u00c3\u00bablica no Sal\u00c3\u00a3o Negro. Em pauta, a situa\u00c3\u00a7\u00c3\u00a3o financeira dos estados, os caminhos para desfazer o n\u00c3\u00b3 do endividamento e a reorganiza\u00c3\u00a7\u00c3\u00a3o da agenda federativa. Foto: Pedro Fran\u00c3\u00a7a\/Ag\u00c3\u00aancia Senado\" width=\"333\" height=\"222\" srcset=\"https:\/\/www.blogdothame.blog.br\/v1\/wp-content\/uploads\/2015\/05\/pacto-1-300x200.jpg 300w, https:\/\/www.blogdothame.blog.br\/v1\/wp-content\/uploads\/2015\/05\/pacto-1-1024x682.jpg 1024w, https:\/\/www.blogdothame.blog.br\/v1\/wp-content\/uploads\/2015\/05\/pacto-1.jpg 1190w\" sizes=\"(max-width: 333px) 100vw, 333px\" \/><\/p>\n<p>Ao participar do Encontro com Governadores, promovido pelo Senado Federal, nesta quarta-feira (20), em Bras\u00edlia, o governador Rui Costa defendeu que o Congresso Nacional ou\u00e7a os chefes do Poder Executivo dos estados antes de votar propostas que impactam as receitas estaduais. O evento teve como foco a repactua\u00e7\u00e3o das obriga\u00e7\u00f5es or\u00e7ament\u00e1rias dos entes federativos para educa\u00e7\u00e3o, seguran\u00e7a, sa\u00fade e outras \u00e1reas.<\/p>\n<p>&#8220;O pacto federativo n\u00e3o \u00e9 s\u00f3 pontuar a rela\u00e7\u00e3o dos estados e munic\u00edpios com o Executivo nacional, mas tamb\u00e9m discutir com o Congresso. Precisamos de di\u00e1logo entre os parlamentares, governadores e prefeitos sobre o impacto que projetos podem causar, alterando fortemente a arrecada\u00e7\u00e3o dos estados&#8221;, afirmou Rui Costa.<\/p>\n<p>O governador exemplificou o alerta. &#8220;O Senado aprovou a mudan\u00e7a da substitui\u00e7\u00e3o tribut\u00e1ria de micro e pequenas empresas, o que aumenta o custo de arrecadar dos estados e diminui a receita&#8221;. \u00a0Na avalia\u00e7\u00e3o dele, projetos como este, antes de votados, devem ser discutidos sob a \u00f3tica federativa. Isso evita que a crise dos estados e munic\u00edpios e de sua viabilidade fiscal seja aprofundada.<\/p>\n<p><strong>Sa\u00fade e seguran\u00e7a\u00a0<\/strong><\/p>\n<p><img loading=\"lazy\" class=\"alignright size-medium wp-image-39625\" src=\"http:\/\/www.blogdothame.blog.br\/v1\/wp-content\/uploads\/2015\/05\/pacto-2-300x200.jpg\" alt=\"pacto 2\" width=\"300\" height=\"200\" srcset=\"https:\/\/www.blogdothame.blog.br\/v1\/wp-content\/uploads\/2015\/05\/pacto-2-300x200.jpg 300w, https:\/\/www.blogdothame.blog.br\/v1\/wp-content\/uploads\/2015\/05\/pacto-2-1024x682.jpg 1024w, https:\/\/www.blogdothame.blog.br\/v1\/wp-content\/uploads\/2015\/05\/pacto-2.jpg 1190w\" sizes=\"(max-width: 300px) 100vw, 300px\" \/>\u00a0Quanto ao encaminhamento do tema no Congresso, a partir dessa reuni\u00e3o, Rui Costa disse que est\u00e1 otimista. &#8220;Penso que h\u00e1 o envolvimento dessa Casa. N\u00e3o tem como continuarmos transferindo despesas. A l\u00f3gica de despesas crescentes e receitas decrescentes quebra estados e munic\u00edpios&#8221;.<\/p>\n<p>Ainda dentro da discuss\u00e3o do pacto federativo, o governador destacou a necessidade de mais recursos para a sa\u00fade e a soma de esfor\u00e7os para a seguran\u00e7a p\u00fablica. &#8220;Estamos no mesmo barco e temos que buscar a solu\u00e7\u00e3o para problemas graves que afligem a popula\u00e7\u00e3o brasileira&#8221;<\/p>\n<p><strong>\u00a0<\/strong><\/p>\n","protected":false},"excerpt":{"rendered":"<p>Ao participar do Encontro com Governadores, promovido pelo Senado Federal, nesta quarta-feira (20), em Bras\u00edlia, o governador Rui Costa defendeu que o Congresso Nacional ou\u00e7a os chefes do Poder Executivo dos estados antes de votar propostas que impactam as receitas estaduais. O evento teve como foco a repactua\u00e7\u00e3o das obriga\u00e7\u00f5es or\u00e7ament\u00e1rias dos entes federativos para [&hellip;]<\/p>\n","protected":false},"author":2,"featured_media":0,"comment_status":"open","ping_status":"open","sticky":false,"template":"","format":"standard","meta":{"_links_to":"","_links_to_target":""},"categories":[1],"tags":[77,6301,615,927,61],"_links":{"self":[{"href":"https:\/\/www.blogdothame.blog.br\/v1\/wp-json\/wp\/v2\/posts\/39623"}],"collection":[{"href":"https:\/\/www.blogdothame.blog.br\/v1\/wp-json\/wp\/v2\/posts"}],"about":[{"href":"https:\/\/www.blogdothame.blog.br\/v1\/wp-json\/wp\/v2\/types\/post"}],"author":[{"embeddable":true,"href":"https:\/\/www.blogdothame.blog.br\/v1\/wp-json\/wp\/v2\/users\/2"}],"replies":[{"embeddable":true,"href":"https:\/\/www.blogdothame.blog.br\/v1\/wp-json\/wp\/v2\/comments?post=39623"}],"version-history":[{"count":1,"href":"https:\/\/www.blogdothame.blog.br\/v1\/wp-json\/wp\/v2\/posts\/39623\/revisions"}],"predecessor-version":[{"id":39626,"href":"https:\/\/www.blogdothame.blog.br\/v1\/wp-json\/wp\/v2\/posts\/39623\/revisions\/39626"}],"wp:attachment":[{"href":"https:\/\/www.blogdothame.blog.br\/v1\/wp-json\/wp\/v2\/media?parent=39623"}],"wp:term":[{"taxonomy":"category","embeddable":true,"href":"https:\/\/www.blogdothame.blog.br\/v1\/wp-json\/wp\/v2\/categories?post=39623"},{"taxonomy":"post_tag","embeddable":true,"href":"https:\/\/www.blogdothame.blog.br\/v1\/wp-json\/wp\/v2\/tags?post=39623"}],"curies":[{"name":"wp","href":"https:\/\/api.w.org\/{rel}","templated":true}]}}