{"id":39490,"date":"2015-05-15T19:20:59","date_gmt":"2015-05-15T22:20:59","guid":{"rendered":"http:\/\/www.blogdothame.blog.br\/v1\/?p=39490"},"modified":"2015-05-15T17:22:42","modified_gmt":"2015-05-15T20:22:42","slug":"itabuna-mobiliza-populacao-para-o-combate-a-dengue","status":"publish","type":"post","link":"https:\/\/www.blogdothame.blog.br\/v1\/2015\/05\/15\/itabuna-mobiliza-populacao-para-o-combate-a-dengue\/","title":{"rendered":"Itabuna mobiliza popula\u00e7\u00e3o para o combate \u00e0 dengue"},"content":{"rendered":"<p><img loading=\"lazy\" class=\"alignright size-medium wp-image-39491\" src=\"http:\/\/www.blogdothame.blog.br\/v1\/wp-content\/uploads\/2015\/05\/dengue-300x199.jpg\" alt=\"dengue\" width=\"300\" height=\"199\" srcset=\"https:\/\/www.blogdothame.blog.br\/v1\/wp-content\/uploads\/2015\/05\/dengue-300x199.jpg 300w, https:\/\/www.blogdothame.blog.br\/v1\/wp-content\/uploads\/2015\/05\/dengue.jpg 1024w\" sizes=\"(max-width: 300px) 100vw, 300px\" \/>Com a participa\u00e7\u00e3o de estudantes universit\u00e1rios e secundaristas de institui\u00e7\u00f5es de ensino superior e tecnol\u00f3gicas, a Prefeitura de Itabuna, por meio do N\u00facleo de Educa\u00e7\u00e3o Permanente da Secretaria Municipal de Sa\u00fade vai realizar neste s\u00e1bado, dia 16, entre as 8 e 12 horas, a distribui\u00e7\u00e3o de material informativo e orienta\u00e7\u00f5es para alertar a popula\u00e7\u00e3o sobre o\u00a0 efetivo combate ao mosquito da dengue. Denominado Pit Stop, o evento tamb\u00e9m ter\u00e1 a participa\u00e7\u00e3o de t\u00e9cnicos e trabalhadores da rede de aten\u00e7\u00e3o b\u00e1sica.<\/p>\n<p>Em pelo menos em cinco locais estrat\u00e9gicos da cidade haver\u00e1 a participa\u00e7\u00e3o dos t\u00e9cnicos, universit\u00e1rios e secundaristas no trabalho de mobiliza\u00e7\u00e3o contra a dengue, distribuindo\u00a0 panfletos e orienta\u00e7\u00f5es: avenidas Juraci Magalh\u00e3es, com estudantes da Uesc; Am\u00e9lia Amado, com alunos da Unime; e Princesa Isabel, com alunos Unopar e Escola T\u00e9cnica de Enfermagem da Santa Casa de Miseric\u00f3rdia. Ainda, na Pra\u00e7a Jos\u00e9 Bastos, contando com alunos da FTC e Iepro; e Pra\u00e7a Oct\u00e1vio Mangabeira (Camacan), com estudantes do CEEP e ETEI.<\/p>\n<p>Sob o slogan: \u201cUsem e abusem da criatividade\u201d, o Pit Stop contra a dengue integra as a\u00e7\u00f5es da Secretaria Municipal da Sa\u00fade para manter a popula\u00e7\u00e3o em alerta, j\u00e1 que o mosquito al\u00e9m da dengue e febre chikungunya, tamb\u00e9m transmite o zika v\u00edrus segundo o Minist\u00e9rio da Sa\u00fade. De acordo com o Levantamento de \u00cdndice R\u00e1pido do Aedes aegypti (LIRAa) realizado em janeiro passado 17,8% dos im\u00f3veis de Itabuna t\u00eam focos do mosquito, o que exigiu mais a\u00e7\u00f5es com a amplia\u00e7\u00e3o do n\u00famero de agentes de endemia no campo e aplica\u00e7\u00e3o de fumac\u00ea, com o apoio da Secretaria de Sa\u00fade da Bahia \u2013Sesab.<\/p>\n<p>A diretora do N\u00facleo de Educa\u00e7\u00e3o Permanente da Secretaria Municipal de Sa\u00fade, Luciana Pinheiro, lembra que entre 202 e 2011, a dengue se consolidou como um dos maiores desafios de sa\u00fade p\u00fablica no Pa\u00eds, com altera\u00e7\u00f5es importantes, a exemplo do maior n\u00famero de casos e hospitaliza\u00e7\u00f5es. A din\u00e2mica de circula\u00e7\u00e3o viral foi caracterizada pela simult\u00e2nea presen\u00e7a dos sorotipos DENV1, DENV2e DEVN2. A partir do segundo semestre de 2010 houve a introdu\u00e7\u00e3o do DENV4, com r\u00e1pida dispers\u00e3o. Atualmente h\u00e1 estados brasileiros vivendo sob epidemia, com maior gravidade em S\u00e3o Paulo, Goi\u00e1s e no Acre.<\/p>\n<p><strong>\u00a0<\/strong><\/p>\n","protected":false},"excerpt":{"rendered":"<p>Com a participa\u00e7\u00e3o de estudantes universit\u00e1rios e secundaristas de institui\u00e7\u00f5es de ensino superior e tecnol\u00f3gicas, a Prefeitura de Itabuna, por meio do N\u00facleo de Educa\u00e7\u00e3o Permanente da Secretaria Municipal de Sa\u00fade vai realizar neste s\u00e1bado, dia 16, entre as 8 e 12 horas, a distribui\u00e7\u00e3o de material informativo e orienta\u00e7\u00f5es para alertar a popula\u00e7\u00e3o sobre [&hellip;]<\/p>\n","protected":false},"author":2,"featured_media":0,"comment_status":"open","ping_status":"open","sticky":false,"template":"","format":"standard","meta":{"_links_to":"","_links_to_target":""},"categories":[1],"tags":[39,11962,11755],"_links":{"self":[{"href":"https:\/\/www.blogdothame.blog.br\/v1\/wp-json\/wp\/v2\/posts\/39490"}],"collection":[{"href":"https:\/\/www.blogdothame.blog.br\/v1\/wp-json\/wp\/v2\/posts"}],"about":[{"href":"https:\/\/www.blogdothame.blog.br\/v1\/wp-json\/wp\/v2\/types\/post"}],"author":[{"embeddable":true,"href":"https:\/\/www.blogdothame.blog.br\/v1\/wp-json\/wp\/v2\/users\/2"}],"replies":[{"embeddable":true,"href":"https:\/\/www.blogdothame.blog.br\/v1\/wp-json\/wp\/v2\/comments?post=39490"}],"version-history":[{"count":1,"href":"https:\/\/www.blogdothame.blog.br\/v1\/wp-json\/wp\/v2\/posts\/39490\/revisions"}],"predecessor-version":[{"id":39492,"href":"https:\/\/www.blogdothame.blog.br\/v1\/wp-json\/wp\/v2\/posts\/39490\/revisions\/39492"}],"wp:attachment":[{"href":"https:\/\/www.blogdothame.blog.br\/v1\/wp-json\/wp\/v2\/media?parent=39490"}],"wp:term":[{"taxonomy":"category","embeddable":true,"href":"https:\/\/www.blogdothame.blog.br\/v1\/wp-json\/wp\/v2\/categories?post=39490"},{"taxonomy":"post_tag","embeddable":true,"href":"https:\/\/www.blogdothame.blog.br\/v1\/wp-json\/wp\/v2\/tags?post=39490"}],"curies":[{"name":"wp","href":"https:\/\/api.w.org\/{rel}","templated":true}]}}