{"id":39458,"date":"2015-05-15T12:16:58","date_gmt":"2015-05-15T15:16:58","guid":{"rendered":"http:\/\/www.blogdothame.blog.br\/v1\/?p=39458"},"modified":"2015-05-15T12:16:58","modified_gmt":"2015-05-15T15:16:58","slug":"governo-dialoga-com-professores-das-universidades-estaduais-2","status":"publish","type":"post","link":"https:\/\/www.blogdothame.blog.br\/v1\/2015\/05\/15\/governo-dialoga-com-professores-das-universidades-estaduais-2\/","title":{"rendered":"Governo dialoga com professores das universidades estaduais"},"content":{"rendered":"<p>O Governo do Estado, por meio das Secretarias da Administra\u00e7\u00e3o e Educa\u00e7\u00e3o, se mant\u00e9m aberto \u00e0s negocia\u00e7\u00f5es com as Associa\u00e7\u00f5es de Docentes das universidades estaduais. Confirma mais uma reuni\u00e3o com a categoria para esta ter\u00e7a-feira (19\/05), \u00e0s 10h, na Secretaria da Educa\u00e7\u00e3o do Estado, no Centro Administrativo da Bahia (CAB).<\/p>\n<p>O Governo reafirma que o or\u00e7amento das universidades estaduais \u00e9 10,3% maior em 2015. Totaliza R$ 1.126.500 bilh\u00e3o (Um bilh\u00e3o, cento e vinte e seis milh\u00f5es e quinhentos mil reais).<\/p>\n<p>O Governo informa, tamb\u00e9m, que est\u00e3o asseguradas as promo\u00e7\u00f5es e progress\u00f5es que estavam na Secretaria da Administra\u00e7\u00e3o para o pagamento na folha do m\u00eas de maio. E j\u00e1 autorizou a contrata\u00e7\u00e3o de professores substitutos, baseada no cronograma apresentado pelas universidades. Al\u00e9m disso, est\u00e1 elaborando a minuta do projeto de altera\u00e7\u00e3o do quadro de vagas do magist\u00e9rio.<\/p>\n","protected":false},"excerpt":{"rendered":"<p>O Governo do Estado, por meio das Secretarias da Administra\u00e7\u00e3o e Educa\u00e7\u00e3o, se mant\u00e9m aberto \u00e0s negocia\u00e7\u00f5es com as Associa\u00e7\u00f5es de Docentes das universidades estaduais. Confirma mais uma reuni\u00e3o com a categoria para esta ter\u00e7a-feira (19\/05), \u00e0s 10h, na Secretaria da Educa\u00e7\u00e3o do Estado, no Centro Administrativo da Bahia (CAB). O Governo reafirma que o [&hellip;]<\/p>\n","protected":false},"author":2,"featured_media":0,"comment_status":"open","ping_status":"open","sticky":false,"template":"","format":"standard","meta":{"_links_to":"","_links_to_target":""},"categories":[1],"tags":[1933,16,7142],"_links":{"self":[{"href":"https:\/\/www.blogdothame.blog.br\/v1\/wp-json\/wp\/v2\/posts\/39458"}],"collection":[{"href":"https:\/\/www.blogdothame.blog.br\/v1\/wp-json\/wp\/v2\/posts"}],"about":[{"href":"https:\/\/www.blogdothame.blog.br\/v1\/wp-json\/wp\/v2\/types\/post"}],"author":[{"embeddable":true,"href":"https:\/\/www.blogdothame.blog.br\/v1\/wp-json\/wp\/v2\/users\/2"}],"replies":[{"embeddable":true,"href":"https:\/\/www.blogdothame.blog.br\/v1\/wp-json\/wp\/v2\/comments?post=39458"}],"version-history":[{"count":1,"href":"https:\/\/www.blogdothame.blog.br\/v1\/wp-json\/wp\/v2\/posts\/39458\/revisions"}],"predecessor-version":[{"id":39459,"href":"https:\/\/www.blogdothame.blog.br\/v1\/wp-json\/wp\/v2\/posts\/39458\/revisions\/39459"}],"wp:attachment":[{"href":"https:\/\/www.blogdothame.blog.br\/v1\/wp-json\/wp\/v2\/media?parent=39458"}],"wp:term":[{"taxonomy":"category","embeddable":true,"href":"https:\/\/www.blogdothame.blog.br\/v1\/wp-json\/wp\/v2\/categories?post=39458"},{"taxonomy":"post_tag","embeddable":true,"href":"https:\/\/www.blogdothame.blog.br\/v1\/wp-json\/wp\/v2\/tags?post=39458"}],"curies":[{"name":"wp","href":"https:\/\/api.w.org\/{rel}","templated":true}]}}