{"id":39058,"date":"2015-04-29T17:00:47","date_gmt":"2015-04-29T20:00:47","guid":{"rendered":"http:\/\/www.blogdothame.blog.br\/v1\/?p=39058"},"modified":"2015-04-29T16:32:31","modified_gmt":"2015-04-29T19:32:31","slug":"governador-entrega-assentamento-a-trabalhadores-rurais-em-prado","status":"publish","type":"post","link":"https:\/\/www.blogdothame.blog.br\/v1\/2015\/04\/29\/governador-entrega-assentamento-a-trabalhadores-rurais-em-prado\/","title":{"rendered":"Governador entrega assentamento a trabalhadores rurais em Prado"},"content":{"rendered":"<p>&nbsp;<\/p>\n<p>A antiga Fazenda Colatina, localizada na cidade de Prado, extremo-sul baiano, ser\u00e1 transformada no Assentamento Jacy Rocha, com a imiss\u00e3o de posse a 272 fam\u00edlias de trabalhadores rurais que vivem na regi\u00e3o. A cerim\u00f4nia de cria\u00e7\u00e3o oficial do assentamento acontecer\u00e1 nesta quinta-feira (30), \u00e0s 10h, e contar\u00e1 com a presen\u00e7a do governador Rui Costa, do ministro do Desenvolvimento Agr\u00e1rio, Patrus Ananias, do ministro da Defesa, Jaques Wagner, da presidenta do Incra, Maria L\u00facia Falc\u00f3n, e representantes da sociedade civil organizada.<\/p>\n<p>&nbsp;<\/p>\n<p>Localizado \u00e0s margens da BR-101, no trecho entre as cidades de Itamaraju e Teixeira de Freitas, o Assentamento Jacy Rocha tem cerca de 30 mil hectares de terra. O investimento do governo federal, atrav\u00e9s do Instituto Nacional de Coloniza\u00e7\u00e3o e Reforma Agr\u00e1ria (Incra) foi de R$ 25 milh\u00f5es.<\/p>\n<p>&nbsp;<\/p>\n<p>Durante o evento, ser\u00e1 concedido um cr\u00e9dito de R$ 2.400 para cada fam\u00edlia do assentamento Rosa do Prado, criado em 2013. No total, ser\u00e3o destinados cerca de R$ 472 mil \u00e0s fam\u00edlias. Outras 29 fam\u00edlias do assentamento Ma\u00e7aranduba Nova Esperan\u00e7a, criado em 2013 no munic\u00edpio de Mara\u00fa, ser\u00e3o beneficiadas com o cr\u00e9dito Fomento Mulher, que visa \u00e0 implanta\u00e7\u00e3o do projeto produtivo sob responsabilidade da mulher titular do lote. Cada fam\u00edlia receber\u00e1 R$ 3 mil, totalizando R$ 87 mil.<\/p>\n","protected":false},"excerpt":{"rendered":"<p>&nbsp; A antiga Fazenda Colatina, localizada na cidade de Prado, extremo-sul baiano, ser\u00e1 transformada no Assentamento Jacy Rocha, com a imiss\u00e3o de posse a 272 fam\u00edlias de trabalhadores rurais que vivem na regi\u00e3o. A cerim\u00f4nia de cria\u00e7\u00e3o oficial do assentamento acontecer\u00e1 nesta quinta-feira (30), \u00e0s 10h, e contar\u00e1 com a presen\u00e7a do governador Rui Costa, [&hellip;]<\/p>\n","protected":false},"author":2,"featured_media":0,"comment_status":"open","ping_status":"open","sticky":false,"template":"","format":"standard","meta":{"_links_to":"","_links_to_target":""},"categories":[1],"tags":[11853,2837,1048,615],"_links":{"self":[{"href":"https:\/\/www.blogdothame.blog.br\/v1\/wp-json\/wp\/v2\/posts\/39058"}],"collection":[{"href":"https:\/\/www.blogdothame.blog.br\/v1\/wp-json\/wp\/v2\/posts"}],"about":[{"href":"https:\/\/www.blogdothame.blog.br\/v1\/wp-json\/wp\/v2\/types\/post"}],"author":[{"embeddable":true,"href":"https:\/\/www.blogdothame.blog.br\/v1\/wp-json\/wp\/v2\/users\/2"}],"replies":[{"embeddable":true,"href":"https:\/\/www.blogdothame.blog.br\/v1\/wp-json\/wp\/v2\/comments?post=39058"}],"version-history":[{"count":1,"href":"https:\/\/www.blogdothame.blog.br\/v1\/wp-json\/wp\/v2\/posts\/39058\/revisions"}],"predecessor-version":[{"id":39059,"href":"https:\/\/www.blogdothame.blog.br\/v1\/wp-json\/wp\/v2\/posts\/39058\/revisions\/39059"}],"wp:attachment":[{"href":"https:\/\/www.blogdothame.blog.br\/v1\/wp-json\/wp\/v2\/media?parent=39058"}],"wp:term":[{"taxonomy":"category","embeddable":true,"href":"https:\/\/www.blogdothame.blog.br\/v1\/wp-json\/wp\/v2\/categories?post=39058"},{"taxonomy":"post_tag","embeddable":true,"href":"https:\/\/www.blogdothame.blog.br\/v1\/wp-json\/wp\/v2\/tags?post=39058"}],"curies":[{"name":"wp","href":"https:\/\/api.w.org\/{rel}","templated":true}]}}