{"id":38893,"date":"2015-04-22T16:50:35","date_gmt":"2015-04-22T19:50:35","guid":{"rendered":"http:\/\/www.blogdothame.blog.br\/v1\/?p=38893"},"modified":"2015-04-22T16:22:47","modified_gmt":"2015-04-22T19:22:47","slug":"operacao-apreende-armas-cocaina-e-motocicletas","status":"publish","type":"post","link":"https:\/\/www.blogdothame.blog.br\/v1\/2015\/04\/22\/operacao-apreende-armas-cocaina-e-motocicletas\/","title":{"rendered":"Opera\u00e7\u00e3o apreende armas, coca\u00edna e motocicletas"},"content":{"rendered":"<p><img loading=\"lazy\" class=\"alignright size-medium wp-image-38894\" src=\"http:\/\/www.blogdothame.blog.br\/v1\/wp-content\/uploads\/2015\/04\/opera\u00e7\u00e3o-11-300x168.jpg\" alt=\"opera\u00e7\u00e3o 1\" width=\"300\" height=\"168\" srcset=\"https:\/\/www.blogdothame.blog.br\/v1\/wp-content\/uploads\/2015\/04\/opera\u00e7\u00e3o-11-300x168.jpg 300w, https:\/\/www.blogdothame.blog.br\/v1\/wp-content\/uploads\/2015\/04\/opera\u00e7\u00e3o-11.jpg 910w\" sizes=\"(max-width: 300px) 100vw, 300px\" \/>O delegado Cl\u00e9ber Rocha Andrade, titular da 22\u00aa Coordenadoria Regional de Pol\u00edcia do Interior (Coorpin\/Guanambi), anunciou, nesta quarta-feira (22), o resultado de uma opera\u00e7\u00e3o deflagrada pela Pol\u00edcia Civil para o cumprimento de mandados de pris\u00e3o e de busca e apreens\u00e3o, contra quadrilhas de traficantes envolvidas em homic\u00eddios, que atuam naquela regi\u00e3o.<\/p>\n<p>Um quilo de pasta base de coca\u00edna, mais um quilo da droga pura, duas pistolas 9mm, um rev\u00f3lver calibre 38, muni\u00e7\u00f5es e tr\u00eas motocicletas foram apreendidos durante a a\u00e7\u00e3o, que\u00a0 contou com o apoio das Delegacias Territorias de Guanambi, Cacul\u00e9 e Caetit\u00e9.<\/p>\n<p><img loading=\"lazy\" class=\"alignleft size-medium wp-image-38895\" src=\"http:\/\/www.blogdothame.blog.br\/v1\/wp-content\/uploads\/2015\/04\/opera\u00e7\u00e3o-21-300x168.jpg\" alt=\"opera\u00e7\u00e3o 2\" width=\"300\" height=\"168\" srcset=\"https:\/\/www.blogdothame.blog.br\/v1\/wp-content\/uploads\/2015\/04\/opera\u00e7\u00e3o-21-300x168.jpg 300w, https:\/\/www.blogdothame.blog.br\/v1\/wp-content\/uploads\/2015\/04\/opera\u00e7\u00e3o-21.jpg 910w\" sizes=\"(max-width: 300px) 100vw, 300px\" \/>\u00a0\u00a0\u00a0 Os presos integram uma quadrilha respons\u00e1vel por v\u00e1rios homic\u00eddios e tentativas de homic\u00eddio, ocorridos em Guanambi, nos \u00faltimos meses, e ser\u00e3o autuados por tr\u00e1fico de drogas, associa\u00e7\u00e3o para o tr\u00e1fico e porte ilegal de arma de fogo.<\/p>\n<p>Marl\u00facio Lima de Souza, o \u201cMaguila\u201d, Luciano Luiz da Silva, o \u201cMotor\u201d, Jones Assun\u00e7\u00e3o Pal\u00e1cio, o \u201cDhone\u201d, Leandro Ribeiro de Souza, o \u201cLeo Mag\u00e1\u201d, e Ricardo Antonio Teixeira de Ara\u00fajo foram presos no dia 15 de abril. Edvaldo Lima de Souza, o \u201cDio\u201d, reagiu \u00e0 pris\u00e3o atirando contra os policiais e foi baleado, morrendo no Hospital Regional de Guanambi.<\/p>\n<p><img loading=\"lazy\" class=\"alignright size-medium wp-image-38896\" src=\"http:\/\/www.blogdothame.blog.br\/v1\/wp-content\/uploads\/2015\/04\/opera\u00e7\u00e3o-3-300x168.jpg\" alt=\"opera\u00e7\u00e3o 3\" width=\"300\" height=\"168\" srcset=\"https:\/\/www.blogdothame.blog.br\/v1\/wp-content\/uploads\/2015\/04\/opera\u00e7\u00e3o-3-300x168.jpg 300w, https:\/\/www.blogdothame.blog.br\/v1\/wp-content\/uploads\/2015\/04\/opera\u00e7\u00e3o-3.jpg 910w\" sizes=\"(max-width: 300px) 100vw, 300px\" \/>\u00a0\u00a0\u00a0 J\u00e1 V\u00e2nia Oliveira da Silva, 31, foi surpreendida, dois dias depois, nas imedia\u00e7\u00f5es do terminal rodovi\u00e1rio da cidade, com uma bolsa trazida de S\u00e3o Paulo, contendo os dois quilos de coca\u00edna, uma 9mm de fabrica\u00e7\u00e3o turca, dois carregadores e mais de 100 muni\u00e7\u00f5es. O material seria entregue a Odimar Almeida Santos, 39, e Ja\u00edlson Almeida Santos, 33.<\/p>\n<p>A dupla que receberia a encomenda chegou ao local a bordo de um ve\u00edculo VW Gol, de placa HFQ-9348. Todos foram presos e autuados em flagrante pelos delegados Rhudson Barcelos e Nilo Ebrahim, permanecendo custodiados na carceragem da Coorpin\/Guanambi, \u00e0 disposi\u00e7\u00e3o da Justi\u00e7a.<\/p>\n<p>&nbsp;<\/p>\n","protected":false},"excerpt":{"rendered":"<p>O delegado Cl\u00e9ber Rocha Andrade, titular da 22\u00aa Coordenadoria Regional de Pol\u00edcia do Interior (Coorpin\/Guanambi), anunciou, nesta quarta-feira (22), o resultado de uma opera\u00e7\u00e3o deflagrada pela Pol\u00edcia Civil para o cumprimento de mandados de pris\u00e3o e de busca e apreens\u00e3o, contra quadrilhas de traficantes envolvidas em homic\u00eddios, que atuam naquela regi\u00e3o. Um quilo de pasta [&hellip;]<\/p>\n","protected":false},"author":2,"featured_media":0,"comment_status":"open","ping_status":"open","sticky":false,"template":"","format":"standard","meta":{"_links_to":"","_links_to_target":""},"categories":[1],"tags":[51,1601,979],"_links":{"self":[{"href":"https:\/\/www.blogdothame.blog.br\/v1\/wp-json\/wp\/v2\/posts\/38893"}],"collection":[{"href":"https:\/\/www.blogdothame.blog.br\/v1\/wp-json\/wp\/v2\/posts"}],"about":[{"href":"https:\/\/www.blogdothame.blog.br\/v1\/wp-json\/wp\/v2\/types\/post"}],"author":[{"embeddable":true,"href":"https:\/\/www.blogdothame.blog.br\/v1\/wp-json\/wp\/v2\/users\/2"}],"replies":[{"embeddable":true,"href":"https:\/\/www.blogdothame.blog.br\/v1\/wp-json\/wp\/v2\/comments?post=38893"}],"version-history":[{"count":1,"href":"https:\/\/www.blogdothame.blog.br\/v1\/wp-json\/wp\/v2\/posts\/38893\/revisions"}],"predecessor-version":[{"id":38897,"href":"https:\/\/www.blogdothame.blog.br\/v1\/wp-json\/wp\/v2\/posts\/38893\/revisions\/38897"}],"wp:attachment":[{"href":"https:\/\/www.blogdothame.blog.br\/v1\/wp-json\/wp\/v2\/media?parent=38893"}],"wp:term":[{"taxonomy":"category","embeddable":true,"href":"https:\/\/www.blogdothame.blog.br\/v1\/wp-json\/wp\/v2\/categories?post=38893"},{"taxonomy":"post_tag","embeddable":true,"href":"https:\/\/www.blogdothame.blog.br\/v1\/wp-json\/wp\/v2\/tags?post=38893"}],"curies":[{"name":"wp","href":"https:\/\/api.w.org\/{rel}","templated":true}]}}