{"id":38860,"date":"2015-04-22T09:06:53","date_gmt":"2015-04-22T12:06:53","guid":{"rendered":"http:\/\/www.blogdothame.blog.br\/v1\/?p=38860"},"modified":"2015-04-22T09:52:18","modified_gmt":"2015-04-22T12:52:18","slug":"abril-vermelho-mst-ocupa-22-fazendas-na-bahia","status":"publish","type":"post","link":"https:\/\/www.blogdothame.blog.br\/v1\/2015\/04\/22\/abril-vermelho-mst-ocupa-22-fazendas-na-bahia\/","title":{"rendered":"Abril Vermelho: MST ocupa 22 fazendas na Bahia"},"content":{"rendered":"<p><img loading=\"lazy\" class=\"aligncenter  wp-image-38867\" src=\"http:\/\/www.blogdothame.blog.br\/v1\/wp-content\/uploads\/2015\/04\/Trabalhadores-e-trabalhadoras-rurais-durante-ato-de-ocupa\u00e7\u00e3o-de-fazenda-na-Bahia-FOTO-Divulga\u00e7\u00e3o-MST-300x188.jpg\" alt=\"Trabalhadores e trabalhadoras rurais durante ato de ocupa\u00e7\u00e3o de fazenda na Bahia  FOTO Divulga\u00e7\u00e3o- MST\" width=\"333\" height=\"209\" srcset=\"https:\/\/www.blogdothame.blog.br\/v1\/wp-content\/uploads\/2015\/04\/Trabalhadores-e-trabalhadoras-rurais-durante-ato-de-ocupa\u00e7\u00e3o-de-fazenda-na-Bahia-FOTO-Divulga\u00e7\u00e3o-MST-300x188.jpg 300w, https:\/\/www.blogdothame.blog.br\/v1\/wp-content\/uploads\/2015\/04\/Trabalhadores-e-trabalhadoras-rurais-durante-ato-de-ocupa\u00e7\u00e3o-de-fazenda-na-Bahia-FOTO-Divulga\u00e7\u00e3o-MST-1024x643.jpg 1024w, https:\/\/www.blogdothame.blog.br\/v1\/wp-content\/uploads\/2015\/04\/Trabalhadores-e-trabalhadoras-rurais-durante-ato-de-ocupa\u00e7\u00e3o-de-fazenda-na-Bahia-FOTO-Divulga\u00e7\u00e3o-MST.jpg 1691w\" sizes=\"(max-width: 333px) 100vw, 333px\" \/><\/p>\n<p>J\u00e1 s\u00e3o 22 os latif\u00fandios improdutivos ocupados pelos trabalhadores sem terra na Bahia. A informa\u00e7\u00e3o foi confirmada pela dire\u00e7\u00e3o nacional dos Trabalhadores Rurais Sem Terra (MST), nesta segunda-feira (20). De acordo com um dos l\u00edderes do movimento, o baiano M\u00e1rcio Matos, a jornada de luta do \u2018Abril Vermelho\u2019 segue com as ocupa\u00e7\u00f5es e mostra unidade e compromisso com a luta pela reforma agr\u00e1ria e contra a viol\u00eancia no campo. \u201cGrande parte das ocupa\u00e7\u00f5es aconteceram no s\u00e1bado [18] e no domingo [19], onde demos seguimento \u00e0 jornada ocupando v\u00e1rios latif\u00fandios somando um total, nessa jornada, de 22 fazendas ocupadas e acampadas por aproximadamente 3.500 fam\u00edlias\u201d, aponta Matos, que tamb\u00e9m \u00e9 membro da dire\u00e7\u00e3o nacional do MST.<\/p>\n<p><img loading=\"lazy\" class=\"alignleft size-medium wp-image-38868\" src=\"http:\/\/www.blogdothame.blog.br\/v1\/wp-content\/uploads\/2015\/04\/Cerca-de-22-fazendas-foram-ocupadas-no-estado-FOTO-Divulga\u00e7\u00e3o-300x200.jpg\" alt=\"Cerca de 22 fazendas foram ocupadas no estado - FOTO Divulga\u00e7\u00e3o\" width=\"300\" height=\"200\" srcset=\"https:\/\/www.blogdothame.blog.br\/v1\/wp-content\/uploads\/2015\/04\/Cerca-de-22-fazendas-foram-ocupadas-no-estado-FOTO-Divulga\u00e7\u00e3o-300x200.jpg 300w, https:\/\/www.blogdothame.blog.br\/v1\/wp-content\/uploads\/2015\/04\/Cerca-de-22-fazendas-foram-ocupadas-no-estado-FOTO-Divulga\u00e7\u00e3o.jpg 448w\" sizes=\"(max-width: 300px) 100vw, 300px\" \/>Ligado ao movimento dos sem terra, o deputado federal Valmir Assun\u00e7\u00e3o (PT-BA), declara que o MST seguir\u00e1 lutando por pol\u00edticas p\u00fablicas e por justi\u00e7a social. Para o parlamentar petista, a ocupa\u00e7\u00e3o \u00e9 o m\u00e9todo de protesto dos sem terras e, de acordo com ele, \u201cmais de 80% das terras que viraram assentamento, antes foram alvo de alguma ocupa\u00e7\u00e3o ou mobiliza\u00e7\u00e3o popular\u201d. Valmir cobra um pacto pela reforma agr\u00e1ria com a\u00e7\u00f5es transversais de infraestrutura e com a presen\u00e7a do poder p\u00fablico nos assentamentos. \u201cVolto a chamar a aten\u00e7\u00e3o do Poder Judici\u00e1rio para as 193 \u00e1reas que se encontram com processos que impedem a aquisi\u00e7\u00e3o pelo Incra para transformar mais de 986 mil hectares \u00e0 disponibilidade da reforma agr\u00e1ria. Agora dependem da Justi\u00e7a acelerar esses processos e auxiliar o pa\u00eds a avan\u00e7ar nesta \u00e1rea\u201d.<\/p>\n<p>Na regi\u00e3o do extremo sul, o dirigente estadual Evanildo Costa afirma que \u201co objetivo \u00e9 buscar avan\u00e7ar, cada vez mais, na reforma agr\u00e1ria popular, na produ\u00e7\u00e3o agroecol\u00f3gica e contra agroneg\u00f3cio, lembrando que os \u00edndices de viol\u00eancia no campo voltaram a apontar que o sem terra continua como alvo principal. \u201cQueremos e podemos produzir alimentos saud\u00e1veis e construir nossa soberania alimentar e, com isso, romper de vez com as rela\u00e7\u00f5es de produ\u00e7\u00e3o capitalista\u201d, afirma Costa, reverberando a fala dos trabalhadores mobilizados. Entre as fazendas ocupadas pelo MST, est\u00e3o \u00e1reas em munic\u00edpios como Alcoba\u00e7a, Nova Ibi\u00e1, Eun\u00e1polis, Jequi\u00e9, Casa Nova, Santa Br\u00edgida, S\u00e3o Desid\u00e9rio e Boa Vista do Tupim. O movimento divulga e den\u00fancia a exist\u00eancia de latif\u00fandios no pa\u00eds, alguns deles na Bahia, como essas \u00e1reas que foram ocupadas.<\/p>\n","protected":false},"excerpt":{"rendered":"<p>J\u00e1 s\u00e3o 22 os latif\u00fandios improdutivos ocupados pelos trabalhadores sem terra na Bahia. A informa\u00e7\u00e3o foi confirmada pela dire\u00e7\u00e3o nacional dos Trabalhadores Rurais Sem Terra (MST), nesta segunda-feira (20). De acordo com um dos l\u00edderes do movimento, o baiano M\u00e1rcio Matos, a jornada de luta do \u2018Abril Vermelho\u2019 segue com as ocupa\u00e7\u00f5es e mostra unidade [&hellip;]<\/p>\n","protected":false},"author":2,"featured_media":0,"comment_status":"open","ping_status":"open","sticky":false,"template":"","format":"standard","meta":{"_links_to":"","_links_to_target":""},"categories":[1],"tags":[11787,51,1662],"_links":{"self":[{"href":"https:\/\/www.blogdothame.blog.br\/v1\/wp-json\/wp\/v2\/posts\/38860"}],"collection":[{"href":"https:\/\/www.blogdothame.blog.br\/v1\/wp-json\/wp\/v2\/posts"}],"about":[{"href":"https:\/\/www.blogdothame.blog.br\/v1\/wp-json\/wp\/v2\/types\/post"}],"author":[{"embeddable":true,"href":"https:\/\/www.blogdothame.blog.br\/v1\/wp-json\/wp\/v2\/users\/2"}],"replies":[{"embeddable":true,"href":"https:\/\/www.blogdothame.blog.br\/v1\/wp-json\/wp\/v2\/comments?post=38860"}],"version-history":[{"count":4,"href":"https:\/\/www.blogdothame.blog.br\/v1\/wp-json\/wp\/v2\/posts\/38860\/revisions"}],"predecessor-version":[{"id":38870,"href":"https:\/\/www.blogdothame.blog.br\/v1\/wp-json\/wp\/v2\/posts\/38860\/revisions\/38870"}],"wp:attachment":[{"href":"https:\/\/www.blogdothame.blog.br\/v1\/wp-json\/wp\/v2\/media?parent=38860"}],"wp:term":[{"taxonomy":"category","embeddable":true,"href":"https:\/\/www.blogdothame.blog.br\/v1\/wp-json\/wp\/v2\/categories?post=38860"},{"taxonomy":"post_tag","embeddable":true,"href":"https:\/\/www.blogdothame.blog.br\/v1\/wp-json\/wp\/v2\/tags?post=38860"}],"curies":[{"name":"wp","href":"https:\/\/api.w.org\/{rel}","templated":true}]}}