{"id":38786,"date":"2015-04-16T19:35:24","date_gmt":"2015-04-16T22:35:24","guid":{"rendered":"http:\/\/www.blogdothame.blog.br\/v1\/?p=38786"},"modified":"2015-04-16T17:42:07","modified_gmt":"2015-04-16T20:42:07","slug":"tce-e-secretaria-da-educacao-assinam-termo-para-lancar-concurso","status":"publish","type":"post","link":"https:\/\/www.blogdothame.blog.br\/v1\/2015\/04\/16\/tce-e-secretaria-da-educacao-assinam-termo-para-lancar-concurso\/","title":{"rendered":"TCE e Secretaria da Educa\u00e7\u00e3o assinam termo para lan\u00e7ar concurso"},"content":{"rendered":"<p><img loading=\"lazy\" class=\"alignleft size-medium wp-image-38787\" src=\"http:\/\/www.blogdothame.blog.br\/v1\/wp-content\/uploads\/2015\/04\/TCE-e-SEC-assinam-termo-de-coopera\u00e7\u00e3o-II-300x218.jpg\" alt=\"TCE e SEC assinam termo de coopera\u00e7\u00e3o II\" width=\"300\" height=\"218\" srcset=\"https:\/\/www.blogdothame.blog.br\/v1\/wp-content\/uploads\/2015\/04\/TCE-e-SEC-assinam-termo-de-coopera\u00e7\u00e3o-II-300x218.jpg 300w, https:\/\/www.blogdothame.blog.br\/v1\/wp-content\/uploads\/2015\/04\/TCE-e-SEC-assinam-termo-de-coopera\u00e7\u00e3o-II.jpg 600w\" sizes=\"(max-width: 300px) 100vw, 300px\" \/>O Tribunal de Contas do Estado da Bahia completa, em 2015, cem anos de cria\u00e7\u00e3o com foco na transforma\u00e7\u00e3o social e este caminho vem sendo pavimentado com v\u00e1rias a\u00e7\u00f5es de cidadania e educa\u00e7\u00e3o, a exemplo da que foi deflagrada nesta quinta-feira (16.04), com a assinatura do Termo de Coopera\u00e7\u00e3o T\u00e9cnica para o lan\u00e7amento do Concurso de Reda\u00e7\u00e3o e Artes Visuais, tendo como parceira a Secretaria da Educa\u00e7\u00e3o do Estado. O presidente do TCE-BA, Inaldo da Paix\u00e3o Santos Ara\u00fajo, e o secret\u00e1rio da Educa\u00e7\u00e3o, Osvaldo Barreto, firmaram o acordo juntamente com toda a equipe respons\u00e1vel pela organiza\u00e7\u00e3o do concurso, que ser\u00e1 lan\u00e7ado oficialmente dia 29 de abril, em videoconfer\u00eancia no Instituto An\u00edsio Teixeira.<\/p>\n<p>No ato de assinatura, o conselheiro-presidente salientou que as a\u00e7\u00f5es de cunho educacional adotadas pela Corte de Contas s\u00e3o de grande contribui\u00e7\u00e3o para que os cidad\u00e3os exer\u00e7am o controle social. \u201cA parceria com a Secretaria da Educa\u00e7\u00e3o e com o Instituto An\u00edsio Teixeira, atrav\u00e9s de a\u00e7\u00f5es como o TCE em Campo, o programa Ouvidoria vai \u00e0 Escola e o Emitec, fez o Tribunal de Contas se aproximar mais da sociedade. E agora, temos o grande prazer de lan\u00e7ar, como parte das comemora\u00e7\u00f5es do centen\u00e1rio desta Casa, um concurso que valoriza novos talentos de todo o estado n\u00e3o s\u00f3 em artes visuais, mas tamb\u00e9m na escrita&#8221;, disse Inaldo Ara\u00fajo.<\/p>\n<p>Na avalia\u00e7\u00e3o do secret\u00e1rio Osvaldo Barreto, a assinatura do acordo com o TCE marca um momento hist\u00f3rico da educa\u00e7\u00e3o na Bahia, \u201cpor ser parte de um pacto firmado pelo governo, o Educar para Transformar. E o Tribunal de Contas \u00e9 parte desse processo\u201d. E acrescentou: \u201c\u00c9 importante destacar aqui a sensibilidade do presidente Inaldo Ara\u00fajo em incentivar este tipo de a\u00e7\u00e3o. A Secretaria da Educa\u00e7\u00e3o tem apostado nos campos da cultura, da arte-educa\u00e7\u00e3o e da ci\u00eancia como elemento formativo da nossa juventude. N\u00e3o tenho d\u00favida de que esta parceria com o TCE trar\u00e1 bons resultados como o est\u00edmulo \u00e0s artes e a melhoria do ensino nas nossas escolas&#8221;.<\/p>\n<p>&nbsp;<\/p>\n","protected":false},"excerpt":{"rendered":"<p>O Tribunal de Contas do Estado da Bahia completa, em 2015, cem anos de cria\u00e7\u00e3o com foco na transforma\u00e7\u00e3o social e este caminho vem sendo pavimentado com v\u00e1rias a\u00e7\u00f5es de cidadania e educa\u00e7\u00e3o, a exemplo da que foi deflagrada nesta quinta-feira (16.04), com a assinatura do Termo de Coopera\u00e7\u00e3o T\u00e9cnica para o lan\u00e7amento do Concurso [&hellip;]<\/p>\n","protected":false},"author":2,"featured_media":0,"comment_status":"open","ping_status":"open","sticky":false,"template":"","format":"standard","meta":{"_links_to":"","_links_to_target":""},"categories":[1],"tags":[11761,11705,11760,11209],"_links":{"self":[{"href":"https:\/\/www.blogdothame.blog.br\/v1\/wp-json\/wp\/v2\/posts\/38786"}],"collection":[{"href":"https:\/\/www.blogdothame.blog.br\/v1\/wp-json\/wp\/v2\/posts"}],"about":[{"href":"https:\/\/www.blogdothame.blog.br\/v1\/wp-json\/wp\/v2\/types\/post"}],"author":[{"embeddable":true,"href":"https:\/\/www.blogdothame.blog.br\/v1\/wp-json\/wp\/v2\/users\/2"}],"replies":[{"embeddable":true,"href":"https:\/\/www.blogdothame.blog.br\/v1\/wp-json\/wp\/v2\/comments?post=38786"}],"version-history":[{"count":1,"href":"https:\/\/www.blogdothame.blog.br\/v1\/wp-json\/wp\/v2\/posts\/38786\/revisions"}],"predecessor-version":[{"id":38788,"href":"https:\/\/www.blogdothame.blog.br\/v1\/wp-json\/wp\/v2\/posts\/38786\/revisions\/38788"}],"wp:attachment":[{"href":"https:\/\/www.blogdothame.blog.br\/v1\/wp-json\/wp\/v2\/media?parent=38786"}],"wp:term":[{"taxonomy":"category","embeddable":true,"href":"https:\/\/www.blogdothame.blog.br\/v1\/wp-json\/wp\/v2\/categories?post=38786"},{"taxonomy":"post_tag","embeddable":true,"href":"https:\/\/www.blogdothame.blog.br\/v1\/wp-json\/wp\/v2\/tags?post=38786"}],"curies":[{"name":"wp","href":"https:\/\/api.w.org\/{rel}","templated":true}]}}