{"id":38773,"date":"2015-04-16T15:44:19","date_gmt":"2015-04-16T18:44:19","guid":{"rendered":"http:\/\/www.blogdothame.blog.br\/v1\/?p=38773"},"modified":"2015-04-16T15:47:43","modified_gmt":"2015-04-16T18:47:43","slug":"tratamento-da-dengue-deve-ser-feito-ate-o-fim-alerta-diretor-de-vigilancia-a-saude-de-ilheus","status":"publish","type":"post","link":"https:\/\/www.blogdothame.blog.br\/v1\/2015\/04\/16\/tratamento-da-dengue-deve-ser-feito-ate-o-fim-alerta-diretor-de-vigilancia-a-saude-de-ilheus\/","title":{"rendered":"Tratamento da dengue deve ser feito at\u00e9 o fim, alerta diretor de Vigil\u00e2ncia \u00e0 Sa\u00fade de Ilh\u00e9us"},"content":{"rendered":"<p><img loading=\"lazy\" class=\"alignright size-medium wp-image-38774\" src=\"http:\/\/www.blogdothame.blog.br\/v1\/wp-content\/uploads\/2015\/04\/dengue-ios-1-300x199.jpg\" alt=\"dengue ios 1\" width=\"300\" height=\"199\" srcset=\"https:\/\/www.blogdothame.blog.br\/v1\/wp-content\/uploads\/2015\/04\/dengue-ios-1-300x199.jpg 300w, https:\/\/www.blogdothame.blog.br\/v1\/wp-content\/uploads\/2015\/04\/dengue-ios-1-1024x682.jpg 1024w, https:\/\/www.blogdothame.blog.br\/v1\/wp-content\/uploads\/2015\/04\/dengue-ios-1.jpg 1155w\" sizes=\"(max-width: 300px) 100vw, 300px\" \/>O m\u00e9dico sanitarista Ant\u00f4nio Firmo, diretor de Vigil\u00e2ncia \u00e0 Sa\u00fade da Prefeitura de Ilh\u00e9us, orienta a todos que apresentem sintomas de dengue &#8211; como febre alta com in\u00edcio s\u00fabito, dores de cabe\u00e7a, atr\u00e1s dos olhos e pelo corpo, n\u00e1useas e v\u00f4mito \u2013 para procurar o Posto de Atendimento (PA) especial para diagn\u00f3stico e tratamento da doen\u00e7a. Ele alerta que o tratamento deve ser feito at\u00e9 que os sintomas desapare\u00e7am, a fim de evitar complica\u00e7\u00f5es no quadro cl\u00ednico.<\/p>\n<p>Ilh\u00e9us conta com o posto exclusivo de diagn\u00f3stico da dengue, localizado no Centro Municipal de Atendimento Especializado (CEMAE), na Rua Major Homem Del Rey, 100, bairro Cidade Nova, Centro, que funciona de segunda a sexta-feira, das 7 \u00e0s 17 horas. Mas os usu\u00e1rios podem tamb\u00e9m procurar os postos de sa\u00fade da rede p\u00fablica municipal.<\/p>\n<p><img loading=\"lazy\" class=\"alignleft size-medium wp-image-38775\" src=\"http:\/\/www.blogdothame.blog.br\/v1\/wp-content\/uploads\/2015\/04\/dengue-ios-2-300x199.jpg\" alt=\"dengue ios 2\" width=\"300\" height=\"199\" srcset=\"https:\/\/www.blogdothame.blog.br\/v1\/wp-content\/uploads\/2015\/04\/dengue-ios-2-300x199.jpg 300w, https:\/\/www.blogdothame.blog.br\/v1\/wp-content\/uploads\/2015\/04\/dengue-ios-2-1024x682.jpg 1024w, https:\/\/www.blogdothame.blog.br\/v1\/wp-content\/uploads\/2015\/04\/dengue-ios-2.jpg 1155w\" sizes=\"(max-width: 300px) 100vw, 300px\" \/>De acordo com o Chefe do Setor de Vigil\u00e2ncia \u00e0 Sa\u00fade, da Secretaria Municipal de Sa\u00fade, ap\u00f3s a verifica\u00e7\u00e3o dos sintomas \u00e9 realizado o exame de hemograma, para diagn\u00f3stico do n\u00famero de leuc\u00f3citos e plaquetas no sangue, principal indicador da doen\u00e7a. Em alguns casos, \u00e9 feito tamb\u00e9m o exame sorol\u00f3gico, analisado em laborat\u00f3rio mantido pela Secretaria Estadual de Sa\u00fade (Sesab), em Salvador.<\/p>\n<p><strong>Tratamento\u00a0<\/strong>\u2013 Quando os sintomas apontam para a dengue ou a contamina\u00e7\u00e3o \u00e9 diagnosticada, os pacientes passam por tratamento sintomatizado: caso esteja com febre, \u00e9 medicado com antit\u00e9rmico, para baixar a temperatura corporal; caso apresente forte dor de cabe\u00e7a (cefaleia), \u00e9 prescrito analg\u00e9sico. Quando os sintomas s\u00e3o mais agudos, o enfermo \u00e9 hidratado com medicamento venoso ou oral.<\/p>\n<p>O sanitarista Ant\u00f4nio Firmo enfatiza que o paciente n\u00e3o pode deixar de procurar atendimento m\u00e9dico. \u201cEle deve dirigir-se aos postos de atendimento assim que identificar os sintomas, isso \u00e9 de fundamental import\u00e2ncia para que o quadro do paciente n\u00e3o se agrave\u201d, afirmou.<\/p>\n","protected":false},"excerpt":{"rendered":"<p>O m\u00e9dico sanitarista Ant\u00f4nio Firmo, diretor de Vigil\u00e2ncia \u00e0 Sa\u00fade da Prefeitura de Ilh\u00e9us, orienta a todos que apresentem sintomas de dengue &#8211; como febre alta com in\u00edcio s\u00fabito, dores de cabe\u00e7a, atr\u00e1s dos olhos e pelo corpo, n\u00e1useas e v\u00f4mito \u2013 para procurar o Posto de Atendimento (PA) especial para diagn\u00f3stico e tratamento da [&hellip;]<\/p>\n","protected":false},"author":2,"featured_media":0,"comment_status":"open","ping_status":"open","sticky":false,"template":"","format":"standard","meta":{"_links_to":"","_links_to_target":""},"categories":[1],"tags":[11755,11754],"_links":{"self":[{"href":"https:\/\/www.blogdothame.blog.br\/v1\/wp-json\/wp\/v2\/posts\/38773"}],"collection":[{"href":"https:\/\/www.blogdothame.blog.br\/v1\/wp-json\/wp\/v2\/posts"}],"about":[{"href":"https:\/\/www.blogdothame.blog.br\/v1\/wp-json\/wp\/v2\/types\/post"}],"author":[{"embeddable":true,"href":"https:\/\/www.blogdothame.blog.br\/v1\/wp-json\/wp\/v2\/users\/2"}],"replies":[{"embeddable":true,"href":"https:\/\/www.blogdothame.blog.br\/v1\/wp-json\/wp\/v2\/comments?post=38773"}],"version-history":[{"count":1,"href":"https:\/\/www.blogdothame.blog.br\/v1\/wp-json\/wp\/v2\/posts\/38773\/revisions"}],"predecessor-version":[{"id":38776,"href":"https:\/\/www.blogdothame.blog.br\/v1\/wp-json\/wp\/v2\/posts\/38773\/revisions\/38776"}],"wp:attachment":[{"href":"https:\/\/www.blogdothame.blog.br\/v1\/wp-json\/wp\/v2\/media?parent=38773"}],"wp:term":[{"taxonomy":"category","embeddable":true,"href":"https:\/\/www.blogdothame.blog.br\/v1\/wp-json\/wp\/v2\/categories?post=38773"},{"taxonomy":"post_tag","embeddable":true,"href":"https:\/\/www.blogdothame.blog.br\/v1\/wp-json\/wp\/v2\/tags?post=38773"}],"curies":[{"name":"wp","href":"https:\/\/api.w.org\/{rel}","templated":true}]}}