{"id":38667,"date":"2015-04-14T09:18:15","date_gmt":"2015-04-14T12:18:15","guid":{"rendered":"http:\/\/www.blogdothame.blog.br\/v1\/?p=38667"},"modified":"2015-04-14T09:20:29","modified_gmt":"2015-04-14T12:20:29","slug":"traficante-e-preso-com-15-quilos-de-maconha","status":"publish","type":"post","link":"https:\/\/www.blogdothame.blog.br\/v1\/2015\/04\/14\/traficante-e-preso-com-15-quilos-de-maconha\/","title":{"rendered":"Traficante \u00e9 preso com 15 quilos de maconha"},"content":{"rendered":"<p><img loading=\"lazy\" class=\"alignright size-medium wp-image-38668\" src=\"http:\/\/www.blogdothame.blog.br\/v1\/wp-content\/uploads\/2015\/04\/Draco-Gild\u00e1sio-15.04.2015-300x223.jpg\" alt=\"Draco - Gild\u00e1sio - 15.04.2015\" width=\"300\" height=\"223\" srcset=\"https:\/\/www.blogdothame.blog.br\/v1\/wp-content\/uploads\/2015\/04\/Draco-Gild\u00e1sio-15.04.2015-300x223.jpg 300w, https:\/\/www.blogdothame.blog.br\/v1\/wp-content\/uploads\/2015\/04\/Draco-Gild\u00e1sio-15.04.2015.jpg 500w\" sizes=\"(max-width: 300px) 100vw, 300px\" \/>O traficante Gild\u00e1sio Pereira de Oliveira, o \u201cHamburguer\u201d, de 41 anos, foi preso, por equipes da Coordena\u00e7\u00e3o de Narc\u00f3ticos, do Departamento de Repress\u00e3o e Combate ao Crime Organizado (DRACO), em frente a uma panificadora, na Pituba, quando faria a entrega de uma parte dos 15 quilos de maconha que tinha guardados em sua resid\u00eancia, em Itapu\u00e3.<\/p>\n<p>Segundo o delegado Alexandre Narita, uma den\u00fancia an\u00f4nima levou os policiais at\u00e9 o local, que perceberam a chegada de \u201cHamburguer\u201d num Fiat L\u00ednea, no estacionamento da loja. Com ele, foi apreendido meio quilo da droga, que seria entregue a algu\u00e9m que n\u00e3o apareceu. Uma mulher, que chegou a se dirigir ao ve\u00edculo foi detida, mas negou envolvimento com o fato, sendo liberada em seguida.<\/p>\n<p>Depois de flagrado, \u201cHamb\u00farguer\u201d disse que possu\u00eda mais uma quantidade da droga escondida em sua casa. Com passagens por tr\u00e1fico e forma\u00e7\u00e3o de quadrilha, foi autuado mais uma vez por tr\u00e1fico de drogas, pelo delegado Alexandre Narita, e encaminhado ao N\u00facleo de Pris\u00e3o em Flagrante da Justi\u00e7a, no Complexo Penitenci\u00e1rio da Mata Escura.<\/p>\n<p>&nbsp;<\/p>\n","protected":false},"excerpt":{"rendered":"<p>O traficante Gild\u00e1sio Pereira de Oliveira, o \u201cHamburguer\u201d, de 41 anos, foi preso, por equipes da Coordena\u00e7\u00e3o de Narc\u00f3ticos, do Departamento de Repress\u00e3o e Combate ao Crime Organizado (DRACO), em frente a uma panificadora, na Pituba, quando faria a entrega de uma parte dos 15 quilos de maconha que tinha guardados em sua resid\u00eancia, em [&hellip;]<\/p>\n","protected":false},"author":2,"featured_media":0,"comment_status":"open","ping_status":"open","sticky":false,"template":"","format":"standard","meta":{"_links_to":"","_links_to_target":""},"categories":[1],"tags":[51,55,1400],"_links":{"self":[{"href":"https:\/\/www.blogdothame.blog.br\/v1\/wp-json\/wp\/v2\/posts\/38667"}],"collection":[{"href":"https:\/\/www.blogdothame.blog.br\/v1\/wp-json\/wp\/v2\/posts"}],"about":[{"href":"https:\/\/www.blogdothame.blog.br\/v1\/wp-json\/wp\/v2\/types\/post"}],"author":[{"embeddable":true,"href":"https:\/\/www.blogdothame.blog.br\/v1\/wp-json\/wp\/v2\/users\/2"}],"replies":[{"embeddable":true,"href":"https:\/\/www.blogdothame.blog.br\/v1\/wp-json\/wp\/v2\/comments?post=38667"}],"version-history":[{"count":1,"href":"https:\/\/www.blogdothame.blog.br\/v1\/wp-json\/wp\/v2\/posts\/38667\/revisions"}],"predecessor-version":[{"id":38669,"href":"https:\/\/www.blogdothame.blog.br\/v1\/wp-json\/wp\/v2\/posts\/38667\/revisions\/38669"}],"wp:attachment":[{"href":"https:\/\/www.blogdothame.blog.br\/v1\/wp-json\/wp\/v2\/media?parent=38667"}],"wp:term":[{"taxonomy":"category","embeddable":true,"href":"https:\/\/www.blogdothame.blog.br\/v1\/wp-json\/wp\/v2\/categories?post=38667"},{"taxonomy":"post_tag","embeddable":true,"href":"https:\/\/www.blogdothame.blog.br\/v1\/wp-json\/wp\/v2\/tags?post=38667"}],"curies":[{"name":"wp","href":"https:\/\/api.w.org\/{rel}","templated":true}]}}