{"id":38586,"date":"2015-04-11T11:26:19","date_gmt":"2015-04-11T14:26:19","guid":{"rendered":"http:\/\/www.blogdothame.blog.br\/v1\/?p=38586"},"modified":"2015-04-11T11:26:56","modified_gmt":"2015-04-11T14:26:56","slug":"governo-tem-projeto-para-implantar-rede-de-fibra-otica-na-bahia","status":"publish","type":"post","link":"https:\/\/www.blogdothame.blog.br\/v1\/2015\/04\/11\/governo-tem-projeto-para-implantar-rede-de-fibra-otica-na-bahia\/","title":{"rendered":"Governo tem projeto para implantar rede de fibra \u00f3tica na Bahia"},"content":{"rendered":"<p><img loading=\"lazy\" class=\"alignright size-medium wp-image-38587\" src=\"http:\/\/www.blogdothame.blog.br\/v1\/wp-content\/uploads\/2015\/04\/rui-fibra-300x199.jpg\" alt=\"rui fibra\" width=\"300\" height=\"199\" srcset=\"https:\/\/www.blogdothame.blog.br\/v1\/wp-content\/uploads\/2015\/04\/rui-fibra-300x199.jpg 300w, https:\/\/www.blogdothame.blog.br\/v1\/wp-content\/uploads\/2015\/04\/rui-fibra-1024x682.jpg 1024w, https:\/\/www.blogdothame.blog.br\/v1\/wp-content\/uploads\/2015\/04\/rui-fibra.jpg 1229w\" sizes=\"(max-width: 300px) 100vw, 300px\" \/>O governador Rui Costa afirmou que a implanta\u00e7\u00e3o da rede de fibra \u00f3tica na Bahia, passando pela Estrada do Feij\u00e3o, por Irec\u00ea, Xique-Xique, e pela Ferrovia de Integra\u00e7\u00e3o Oeste Leste (Fiol), at\u00e9 chegar ao oeste da Bahia, vai facilitar o ensino a dist\u00e2ncia e tamb\u00e9m gerar emprego e renda, com o surgimento de novas empresas proporcionado pela tecnologia.<\/p>\n<p>&nbsp;<\/p>\n<p>A novidade foi tratada em videoconfer\u00eancia transmitida da Escola Estadual Cristo Rei, no munic\u00edpio de Barra, no Vale do S\u00e3o Francisco, na manh\u00e3 desta sexta-feira (10), durante a inaugura\u00e7\u00e3o do Centro Regional de Ensino M\u00e9dio com Intermedia\u00e7\u00e3o Tecnol\u00f3gica (Cemit).<\/p>\n<p>&nbsp;<\/p>\n<p>Rui afirmou que, junto com o secret\u00e1rio de Ci\u00eancia e Tecnologia, Manoel Mendon\u00e7a, est\u00e1 procurando ampliar a rede de fibra \u00f3tica do Estado. \u201cEsta tecnologia \u00e9 muito importante para o Ensino a Dist\u00e2ncia, primeiro porque melhora a qualidade da imagem [e] a velocidade da transmiss\u00e3o de dados, [al\u00e9m] de facilitar a distribui\u00e7\u00e3o de material did\u00e1tico e de m\u00eddia para os alunos pela internet\u201d. Segundo o governador, a implanta\u00e7\u00e3o da rede deve ser licitada ainda este ano.<\/p>\n<p>&nbsp;<\/p>\n<p>\u201cA fibra \u00f3tica vai chegar ao Vale do S\u00e3o Francisco e ao oeste da Bahia, passando pela faixa de dom\u00ednio da Estrada do Feij\u00e3o, a BA-052, por Irec\u00ea, Xique-Xique, at\u00e9 chegar aqui, e tamb\u00e9m acompanhando a Ferrovia [de Integra\u00e7\u00e3o] Oeste Leste, chegando a Barreiras e a Lu\u00eds Eduardo Magalh\u00e3es. Isso vai melhorar a qualidade do ensino t\u00e9cnico e tamb\u00e9m trazer empresas, que v\u00e3o gerar empregos e prestar servi\u00e7os nesta regi\u00e3o\u201d.<\/p>\n<p><strong><br \/>\nVideoconfer\u00eancia e visitas <\/strong><\/p>\n<p>&nbsp;<\/p>\n<p>Na ocasi\u00e3o, o governador fez um pronunciamento para 17 mil estudantes que cursam o ensino m\u00e9dio em 665 salas de aula localizadas na zona rural de 150 munic\u00edpios. O Ensino M\u00e9dio com Intermedia\u00e7\u00e3o Tecnol\u00f3gica (EMITec) assegura o ensino m\u00e9dio \u00e0 popula\u00e7\u00e3o baiana em \u00e1reas remotas do estado.<\/p>\n<p>&nbsp;<\/p>\n<p>Rui tamb\u00e9m visitou o Centro Estadual de Educa\u00e7\u00e3o Profissional \u00c1guas, a Escola Municipal H\u00e9lcio Freitas de Andrade e a Universidade Federal do Oeste da Bahia, todas as tr\u00eas institui\u00e7\u00f5es no munic\u00edpio de Barra.<\/p>\n<p>&nbsp;<\/p>\n<p>Ainda na cidade, o governador entregou 150 casas do programa Minha Casa, Minha Vida e um Sistema de Abastecimento de \u00c1gua, que est\u00e1 atendendo \u00e0s localidades de Brejos do S\u00e3o Gon\u00e7alo e Mato Escuro, beneficiando 450 moradores da regi\u00e3o.<\/p>\n","protected":false},"excerpt":{"rendered":"<p>O governador Rui Costa afirmou que a implanta\u00e7\u00e3o da rede de fibra \u00f3tica na Bahia, passando pela Estrada do Feij\u00e3o, por Irec\u00ea, Xique-Xique, e pela Ferrovia de Integra\u00e7\u00e3o Oeste Leste (Fiol), at\u00e9 chegar ao oeste da Bahia, vai facilitar o ensino a dist\u00e2ncia e tamb\u00e9m gerar emprego e renda, com o surgimento de novas empresas [&hellip;]<\/p>\n","protected":false},"author":2,"featured_media":0,"comment_status":"open","ping_status":"open","sticky":false,"template":"","format":"standard","meta":{"_links_to":"","_links_to_target":""},"categories":[1],"tags":[11698,51,615],"_links":{"self":[{"href":"https:\/\/www.blogdothame.blog.br\/v1\/wp-json\/wp\/v2\/posts\/38586"}],"collection":[{"href":"https:\/\/www.blogdothame.blog.br\/v1\/wp-json\/wp\/v2\/posts"}],"about":[{"href":"https:\/\/www.blogdothame.blog.br\/v1\/wp-json\/wp\/v2\/types\/post"}],"author":[{"embeddable":true,"href":"https:\/\/www.blogdothame.blog.br\/v1\/wp-json\/wp\/v2\/users\/2"}],"replies":[{"embeddable":true,"href":"https:\/\/www.blogdothame.blog.br\/v1\/wp-json\/wp\/v2\/comments?post=38586"}],"version-history":[{"count":1,"href":"https:\/\/www.blogdothame.blog.br\/v1\/wp-json\/wp\/v2\/posts\/38586\/revisions"}],"predecessor-version":[{"id":38588,"href":"https:\/\/www.blogdothame.blog.br\/v1\/wp-json\/wp\/v2\/posts\/38586\/revisions\/38588"}],"wp:attachment":[{"href":"https:\/\/www.blogdothame.blog.br\/v1\/wp-json\/wp\/v2\/media?parent=38586"}],"wp:term":[{"taxonomy":"category","embeddable":true,"href":"https:\/\/www.blogdothame.blog.br\/v1\/wp-json\/wp\/v2\/categories?post=38586"},{"taxonomy":"post_tag","embeddable":true,"href":"https:\/\/www.blogdothame.blog.br\/v1\/wp-json\/wp\/v2\/tags?post=38586"}],"curies":[{"name":"wp","href":"https:\/\/api.w.org\/{rel}","templated":true}]}}