{"id":38547,"date":"2015-04-09T17:40:46","date_gmt":"2015-04-09T20:40:46","guid":{"rendered":"http:\/\/www.blogdothame.blog.br\/v1\/?p=38547"},"modified":"2015-04-09T17:14:18","modified_gmt":"2015-04-09T20:14:18","slug":"quatro-ladroes-de-carga-foram-presos-na-bahia","status":"publish","type":"post","link":"https:\/\/www.blogdothame.blog.br\/v1\/2015\/04\/09\/quatro-ladroes-de-carga-foram-presos-na-bahia\/","title":{"rendered":"Quatro ladr\u00f5es de  carga foram presos na Bahia"},"content":{"rendered":"<p><img loading=\"lazy\" class=\"alignright size-medium wp-image-38548\" src=\"http:\/\/www.blogdothame.blog.br\/v1\/wp-content\/uploads\/2015\/04\/Depom-18\u00aa-DT-08.04.2015-300x205.jpg\" alt=\"Depom - 18\u00aa DT - 08.04.2015\" width=\"300\" height=\"205\" srcset=\"https:\/\/www.blogdothame.blog.br\/v1\/wp-content\/uploads\/2015\/04\/Depom-18\u00aa-DT-08.04.2015-300x205.jpg 300w, https:\/\/www.blogdothame.blog.br\/v1\/wp-content\/uploads\/2015\/04\/Depom-18\u00aa-DT-08.04.2015.jpg 963w\" sizes=\"(max-width: 300px) 100vw, 300px\" \/>Quatro integrantes de uma quadrilha de ladr\u00f5es de carga foram presos,na Estrada da Cascalheira, por uma equipe de investigadores da 18\u00aa Delegacia Territorial (DT), de Cama\u00e7ari. Eles roubaram um caminh\u00e3o com produtos aliment\u00edcios, como partes de frango congeladas e lingui\u00e7a.<\/p>\n<p>F\u00e1bio Nascimento Reis, de 20 anos, Josias de Souza Silva, 31, Marco Aur\u00e9lio Ribeiro de Souza, 36, e Jean Ramos dos Santos, 26, abordaram o motorista da transportadora com uma arma e o obrigaram a conduzir o caminh\u00e3o at\u00e9 a Cascalheira. L\u00e1, eles passaram a mercadoria para um caminh\u00e3o Ba\u00fa Mercedes Benz 1113, que j\u00e1 aguardava no local.<\/p>\n<p>Segundo o delegado Celson Lima Bezerra, titular da DT\/Cama\u00e7ari, a pol\u00edcia recebeu informa\u00e7\u00f5es de que havia uma movimenta\u00e7\u00e3o estranha naquele local e enviou uma equipe. Na a\u00e7\u00e3o, um suspeito armado, que ainda n\u00e3o foi identificado fugiu. Com passagens por crimes contra o patrim\u00f4nio, os quatro foram autuados em flagrante por roubo qualificado e encaminhados \u00e0 carceragem da DT\/Cama\u00e7ari, onde ficar\u00e3o \u00e0 disposi\u00e7\u00e3o da Justi\u00e7a.<\/p>\n","protected":false},"excerpt":{"rendered":"<p>Quatro integrantes de uma quadrilha de ladr\u00f5es de carga foram presos,na Estrada da Cascalheira, por uma equipe de investigadores da 18\u00aa Delegacia Territorial (DT), de Cama\u00e7ari. Eles roubaram um caminh\u00e3o com produtos aliment\u00edcios, como partes de frango congeladas e lingui\u00e7a. F\u00e1bio Nascimento Reis, de 20 anos, Josias de Souza Silva, 31, Marco Aur\u00e9lio Ribeiro de [&hellip;]<\/p>\n","protected":false},"author":2,"featured_media":0,"comment_status":"open","ping_status":"open","sticky":false,"template":"","format":"standard","meta":{"_links_to":"","_links_to_target":""},"categories":[1],"tags":[51,11682,55,433],"_links":{"self":[{"href":"https:\/\/www.blogdothame.blog.br\/v1\/wp-json\/wp\/v2\/posts\/38547"}],"collection":[{"href":"https:\/\/www.blogdothame.blog.br\/v1\/wp-json\/wp\/v2\/posts"}],"about":[{"href":"https:\/\/www.blogdothame.blog.br\/v1\/wp-json\/wp\/v2\/types\/post"}],"author":[{"embeddable":true,"href":"https:\/\/www.blogdothame.blog.br\/v1\/wp-json\/wp\/v2\/users\/2"}],"replies":[{"embeddable":true,"href":"https:\/\/www.blogdothame.blog.br\/v1\/wp-json\/wp\/v2\/comments?post=38547"}],"version-history":[{"count":1,"href":"https:\/\/www.blogdothame.blog.br\/v1\/wp-json\/wp\/v2\/posts\/38547\/revisions"}],"predecessor-version":[{"id":38549,"href":"https:\/\/www.blogdothame.blog.br\/v1\/wp-json\/wp\/v2\/posts\/38547\/revisions\/38549"}],"wp:attachment":[{"href":"https:\/\/www.blogdothame.blog.br\/v1\/wp-json\/wp\/v2\/media?parent=38547"}],"wp:term":[{"taxonomy":"category","embeddable":true,"href":"https:\/\/www.blogdothame.blog.br\/v1\/wp-json\/wp\/v2\/categories?post=38547"},{"taxonomy":"post_tag","embeddable":true,"href":"https:\/\/www.blogdothame.blog.br\/v1\/wp-json\/wp\/v2\/tags?post=38547"}],"curies":[{"name":"wp","href":"https:\/\/api.w.org\/{rel}","templated":true}]}}