{"id":38480,"date":"2015-04-08T12:47:41","date_gmt":"2015-04-08T15:47:41","guid":{"rendered":"http:\/\/www.blogdothame.blog.br\/v1\/?p=38480"},"modified":"2015-04-08T12:47:57","modified_gmt":"2015-04-08T15:47:57","slug":"38480","status":"publish","type":"post","link":"https:\/\/www.blogdothame.blog.br\/v1\/2015\/04\/08\/38480\/","title":{"rendered":"Governo apresenta ao MDA pedido para assentar fam\u00edlias no sul da Bahia"},"content":{"rendered":"<p><img loading=\"lazy\" class=\"alignleft size-medium wp-image-38481\" src=\"http:\/\/www.blogdothame.blog.br\/v1\/wp-content\/uploads\/2015\/04\/rui-mda-1-1-300x168.jpg\" alt=\"rui mda 1 (1)\" width=\"300\" height=\"168\" srcset=\"https:\/\/www.blogdothame.blog.br\/v1\/wp-content\/uploads\/2015\/04\/rui-mda-1-1-300x168.jpg 300w, https:\/\/www.blogdothame.blog.br\/v1\/wp-content\/uploads\/2015\/04\/rui-mda-1-1-1024x576.jpg 1024w, https:\/\/www.blogdothame.blog.br\/v1\/wp-content\/uploads\/2015\/04\/rui-mda-1-1.jpg 1032w\" sizes=\"(max-width: 300px) 100vw, 300px\" \/>Em reuni\u00e3o com o ministro do Desenvolvimento Agr\u00e1rio, Patrus Ananias, na tarde desta ter\u00e7a-feira (7), o governador Rui Costa solicitou a conclus\u00e3o do processo de aquisi\u00e7\u00e3o de \u00e1rea de 30 mil hectares, no extremo sul da Bahia, para assentar cerca de 3500 fam\u00edlias. Atualmente, a \u00e1rea a ser adquirida pelo Instituto Nacional de Coloniza\u00e7\u00e3o e Reforma Agr\u00e1ria (Incra) pertence \u00e0s empresas de celulose Fibria, Veracel e Suzano.<\/p>\n<p>&nbsp;<\/p>\n<p>O governo baiano intermediou o acordo para a pacifica\u00e7\u00e3o no territ\u00f3rio e espera que as fam\u00edlias sejam assentadas com a maior brevidade poss\u00edvel. A nova presidente do Incra, Maria L\u00facia Falc\u00f3n, participou da audi\u00eancia e assumiu o compromisso de desobstruir as pend\u00eancias para dar celeridade ao acordo. A inten\u00e7\u00e3o das partes \u00e9 assentar as fam\u00edlias e tornar a terra produtiva.<\/p>\n<p>&nbsp;<\/p>\n<p><img loading=\"lazy\" class=\"alignright size-medium wp-image-38482\" src=\"http:\/\/www.blogdothame.blog.br\/v1\/wp-content\/uploads\/2015\/04\/rui-mda-2-300x168.jpg\" alt=\"rui mda 2\" width=\"300\" height=\"168\" srcset=\"https:\/\/www.blogdothame.blog.br\/v1\/wp-content\/uploads\/2015\/04\/rui-mda-2-300x168.jpg 300w, https:\/\/www.blogdothame.blog.br\/v1\/wp-content\/uploads\/2015\/04\/rui-mda-2-1024x576.jpg 1024w, https:\/\/www.blogdothame.blog.br\/v1\/wp-content\/uploads\/2015\/04\/rui-mda-2.jpg 1032w\" sizes=\"(max-width: 300px) 100vw, 300px\" \/>Os secret\u00e1rios estaduais da Casa Civil, Bruno Dauster, e de Desenvolvimento Rural, Jer\u00f4nimo Rodrigues, al\u00e9m do representante do Governo da Bahia em Bras\u00edlia, Jonas Paulo, auxiliaram o governador na agenda, que teve a participa\u00e7\u00e3o de representantes do Movimento dos Trabalhadores Rurais Sem Terra (MST).<\/p>\n<p>&nbsp;<\/p>\n<p>Outro ponto relevante para a reforma agr\u00e1ria na Bahia foi a escolha do estado para sediar o primeiro encontro do Incra com movimentos sociais e t\u00e9cnicos para a formula\u00e7\u00e3o de novos mecanismos e novas parcerias. O encontro deve ocorrer nas pr\u00f3ximas semanas.<\/p>\n","protected":false},"excerpt":{"rendered":"<p>Em reuni\u00e3o com o ministro do Desenvolvimento Agr\u00e1rio, Patrus Ananias, na tarde desta ter\u00e7a-feira (7), o governador Rui Costa solicitou a conclus\u00e3o do processo de aquisi\u00e7\u00e3o de \u00e1rea de 30 mil hectares, no extremo sul da Bahia, para assentar cerca de 3500 fam\u00edlias. Atualmente, a \u00e1rea a ser adquirida pelo Instituto Nacional de Coloniza\u00e7\u00e3o e [&hellip;]<\/p>\n","protected":false},"author":2,"featured_media":0,"comment_status":"open","ping_status":"open","sticky":false,"template":"","format":"standard","meta":{"_links_to":"","_links_to_target":""},"categories":[1],"tags":[1048,11668,185],"_links":{"self":[{"href":"https:\/\/www.blogdothame.blog.br\/v1\/wp-json\/wp\/v2\/posts\/38480"}],"collection":[{"href":"https:\/\/www.blogdothame.blog.br\/v1\/wp-json\/wp\/v2\/posts"}],"about":[{"href":"https:\/\/www.blogdothame.blog.br\/v1\/wp-json\/wp\/v2\/types\/post"}],"author":[{"embeddable":true,"href":"https:\/\/www.blogdothame.blog.br\/v1\/wp-json\/wp\/v2\/users\/2"}],"replies":[{"embeddable":true,"href":"https:\/\/www.blogdothame.blog.br\/v1\/wp-json\/wp\/v2\/comments?post=38480"}],"version-history":[{"count":2,"href":"https:\/\/www.blogdothame.blog.br\/v1\/wp-json\/wp\/v2\/posts\/38480\/revisions"}],"predecessor-version":[{"id":38484,"href":"https:\/\/www.blogdothame.blog.br\/v1\/wp-json\/wp\/v2\/posts\/38480\/revisions\/38484"}],"wp:attachment":[{"href":"https:\/\/www.blogdothame.blog.br\/v1\/wp-json\/wp\/v2\/media?parent=38480"}],"wp:term":[{"taxonomy":"category","embeddable":true,"href":"https:\/\/www.blogdothame.blog.br\/v1\/wp-json\/wp\/v2\/categories?post=38480"},{"taxonomy":"post_tag","embeddable":true,"href":"https:\/\/www.blogdothame.blog.br\/v1\/wp-json\/wp\/v2\/tags?post=38480"}],"curies":[{"name":"wp","href":"https:\/\/api.w.org\/{rel}","templated":true}]}}