{"id":38330,"date":"2015-04-01T16:49:22","date_gmt":"2015-04-01T19:49:22","guid":{"rendered":"http:\/\/www.blogdothame.blog.br\/v1\/?p=38330"},"modified":"2015-04-01T15:59:40","modified_gmt":"2015-04-01T18:59:40","slug":"dois-baianos-estao-na-lista-dos-10-mais-tocados-no-world-music-charts-europe","status":"publish","type":"post","link":"https:\/\/www.blogdothame.blog.br\/v1\/2015\/04\/01\/dois-baianos-estao-na-lista-dos-10-mais-tocados-no-world-music-charts-europe\/","title":{"rendered":"Dois baianos est\u00e3o na lista dos 10 mais tocados no World Music Charts Europe"},"content":{"rendered":"<p><img loading=\"lazy\" class=\"aligncenter size-medium wp-image-38331\" src=\"http:\/\/www.blogdothame.blog.br\/v1\/wp-content\/uploads\/2015\/04\/top-1-300x200.jpg\" alt=\"top 1\" width=\"300\" height=\"200\" srcset=\"https:\/\/www.blogdothame.blog.br\/v1\/wp-content\/uploads\/2015\/04\/top-1-300x200.jpg 300w, https:\/\/www.blogdothame.blog.br\/v1\/wp-content\/uploads\/2015\/04\/top-1.jpg 554w\" sizes=\"(max-width: 300px) 100vw, 300px\" \/><\/p>\n<p>Abril j\u00e1 come\u00e7a com uma boa not\u00edcia para a m\u00fasica da Bahia. Dois baianos despontam na lista dos 10 mais tocados no World Music Charts Europe: Jurema Paes e Tigan\u00e1 Santana, com as faixas &#8220;Mesti\u00e7a&#8221; e &#8220;Tempo &amp; Magma&#8221;, respectivamente. Ambos j\u00e1 participaram da colet\u00e2nea <em>Bahia Music Export<\/em> (BMEx), projeto que integra o Programa de Mobilidade Art\u00edstica e Cultural promovido pela Secretaria de Cultura do Estado da Bahia (SecultBA) e pela Funda\u00e7\u00e3o Cultural do Estado da Bahia (FUNCEB). O BMEx visa dar mais visibilidade \u00e0 produ\u00e7\u00e3o da cena musical baiana independente fora do Brasil e contribuir com a conquista de novos mercados.<\/p>\n<p>Para conferir a lista dos mais tocados, acesse:\u00a0<a href=\"http:\/\/www.wmce.de\/\">http:\/\/www.wmce.de\/<\/a><\/p>\n<p>&nbsp;<\/p>\n<p><img loading=\"lazy\" class=\"aligncenter size-medium wp-image-38332\" src=\"http:\/\/www.blogdothame.blog.br\/v1\/wp-content\/uploads\/2015\/04\/top-2-300x199.jpg\" alt=\"top 2\" width=\"300\" height=\"199\" srcset=\"https:\/\/www.blogdothame.blog.br\/v1\/wp-content\/uploads\/2015\/04\/top-2-300x199.jpg 300w, https:\/\/www.blogdothame.blog.br\/v1\/wp-content\/uploads\/2015\/04\/top-2.jpg 400w\" sizes=\"(max-width: 300px) 100vw, 300px\" \/><\/p>\n","protected":false},"excerpt":{"rendered":"<p>Abril j\u00e1 come\u00e7a com uma boa not\u00edcia para a m\u00fasica da Bahia. Dois baianos despontam na lista dos 10 mais tocados no World Music Charts Europe: Jurema Paes e Tigan\u00e1 Santana, com as faixas &#8220;Mesti\u00e7a&#8221; e &#8220;Tempo &amp; Magma&#8221;, respectivamente. Ambos j\u00e1 participaram da colet\u00e2nea Bahia Music Export (BMEx), projeto que integra o Programa de [&hellip;]<\/p>\n","protected":false},"author":2,"featured_media":0,"comment_status":"open","ping_status":"open","sticky":false,"template":"","format":"standard","meta":{"_links_to":"","_links_to_target":""},"categories":[1],"tags":[51,11633,11634,11632],"_links":{"self":[{"href":"https:\/\/www.blogdothame.blog.br\/v1\/wp-json\/wp\/v2\/posts\/38330"}],"collection":[{"href":"https:\/\/www.blogdothame.blog.br\/v1\/wp-json\/wp\/v2\/posts"}],"about":[{"href":"https:\/\/www.blogdothame.blog.br\/v1\/wp-json\/wp\/v2\/types\/post"}],"author":[{"embeddable":true,"href":"https:\/\/www.blogdothame.blog.br\/v1\/wp-json\/wp\/v2\/users\/2"}],"replies":[{"embeddable":true,"href":"https:\/\/www.blogdothame.blog.br\/v1\/wp-json\/wp\/v2\/comments?post=38330"}],"version-history":[{"count":1,"href":"https:\/\/www.blogdothame.blog.br\/v1\/wp-json\/wp\/v2\/posts\/38330\/revisions"}],"predecessor-version":[{"id":38333,"href":"https:\/\/www.blogdothame.blog.br\/v1\/wp-json\/wp\/v2\/posts\/38330\/revisions\/38333"}],"wp:attachment":[{"href":"https:\/\/www.blogdothame.blog.br\/v1\/wp-json\/wp\/v2\/media?parent=38330"}],"wp:term":[{"taxonomy":"category","embeddable":true,"href":"https:\/\/www.blogdothame.blog.br\/v1\/wp-json\/wp\/v2\/categories?post=38330"},{"taxonomy":"post_tag","embeddable":true,"href":"https:\/\/www.blogdothame.blog.br\/v1\/wp-json\/wp\/v2\/tags?post=38330"}],"curies":[{"name":"wp","href":"https:\/\/api.w.org\/{rel}","templated":true}]}}