{"id":38294,"date":"2015-03-31T18:52:08","date_gmt":"2015-03-31T21:52:08","guid":{"rendered":"http:\/\/www.blogdothame.blog.br\/v1\/?p=38294"},"modified":"2015-03-31T17:57:06","modified_gmt":"2015-03-31T20:57:06","slug":"governador-visita-fabrica-em-feira-e-propoe-parceria-para-educacao","status":"publish","type":"post","link":"https:\/\/www.blogdothame.blog.br\/v1\/2015\/03\/31\/governador-visita-fabrica-em-feira-e-propoe-parceria-para-educacao\/","title":{"rendered":"Governador visita f\u00e1brica em Feira e prop\u00f5e parceria para educa\u00e7\u00e3o"},"content":{"rendered":"<p><img loading=\"lazy\" class=\"aligncenter size-medium wp-image-38295\" src=\"http:\/\/www.blogdothame.blog.br\/v1\/wp-content\/uploads\/2015\/03\/rui-fabnica-1-300x218.jpg\" alt=\"rui fabnica 1\" width=\"300\" height=\"218\" srcset=\"https:\/\/www.blogdothame.blog.br\/v1\/wp-content\/uploads\/2015\/03\/rui-fabnica-1-300x218.jpg 300w, https:\/\/www.blogdothame.blog.br\/v1\/wp-content\/uploads\/2015\/03\/rui-fabnica-1-1024x744.jpg 1024w, https:\/\/www.blogdothame.blog.br\/v1\/wp-content\/uploads\/2015\/03\/rui-fabnica-1.jpg 1126w\" sizes=\"(max-width: 300px) 100vw, 300px\" \/>Nesta ter\u00e7a-feira (31), o governador Rui Costa visitou as instala\u00e7\u00f5es da f\u00e1brica de drywall do Grupo Saint Gobain, em Feira de Santana, primeira ind\u00fastria convidada a integrar o eixo IV do programa Educar para Transformar &#8211; Um Pacto pela Educa\u00e7\u00e3o, que foi lan\u00e7ado na segunda (30). Participaram da visita o CEO global do grupo, Pierre-Andr\u00e9 de Chalendar, o diretor geral no Brasil, Stenio de Almeida, o diretor industrial, Thiago Sposito, e o gerente de planta, Henrique Mendes.<\/p>\n<p>Durante a visita, Rui falou sobre a responsabilidade social necess\u00e1ria \u00e0 iniciativa privada e sugeriu uma parceria no programa \u2018Parceiros da Escola\u2019, para que a empresa \u2018adote\u2019 uma escola estadual. O eixo IV do Educar para Transformar consiste do envolvimento da iniciativa privada para melhorar os \u00edndices de educa\u00e7\u00e3o na Bahia.<\/p>\n<p><strong>Investimentos<\/strong><\/p>\n<p><img loading=\"lazy\" class=\"alignright size-medium wp-image-38296\" src=\"http:\/\/www.blogdothame.blog.br\/v1\/wp-content\/uploads\/2015\/03\/rui-fabrica-2-300x199.jpg\" alt=\"rui fabrica 2\" width=\"300\" height=\"199\" srcset=\"https:\/\/www.blogdothame.blog.br\/v1\/wp-content\/uploads\/2015\/03\/rui-fabrica-2-300x199.jpg 300w, https:\/\/www.blogdothame.blog.br\/v1\/wp-content\/uploads\/2015\/03\/rui-fabrica-2-1024x682.jpg 1024w, https:\/\/www.blogdothame.blog.br\/v1\/wp-content\/uploads\/2015\/03\/rui-fabrica-2.jpg 1229w\" sizes=\"(max-width: 300px) 100vw, 300px\" \/>O drywall, que substitui o cimento e o tijolo na constru\u00e7\u00e3o civil, \u00e9 muito utilizado em cinemas, por ser eficiente no isolamento ac\u00fastico e no controle da temperatura ambiente, e pode ser reciclado na fabrica\u00e7\u00e3o do pr\u00f3prio produto. Pierre-Andr\u00e9 disse que o grupo decidiu investir na Bahia devido \u00e0 posi\u00e7\u00e3o estrat\u00e9gica do estado, que est\u00e1 pr\u00f3ximo das minas de gipsita, mat\u00e9ria-prima utilizada para a fabrica\u00e7\u00e3o do drywall, e \u00e0 localiza\u00e7\u00e3o que facilita o escoamento da produ\u00e7\u00e3o. \u201cN\u00f3s fomos muito bem recebidos pelo Governo da Bahia e estamos muito felizes de estar aqui\u201d.<\/p>\n<p>O grupo Saint-Gobain investiu cerca de R$ 125 milh\u00f5es na constru\u00e7\u00e3o da unidade de Feira de Santana. Inaugurada em novembro de 2014, a f\u00e1brica de drywall emprega 70 pessoas e tem capacidade para produzir 22 milh\u00f5es de metros quadrados de placas de gesso acartonado por ano. (f<em>otos: Manu Dias\/GOVBA)<\/em><\/p>\n","protected":false},"excerpt":{"rendered":"<p>Nesta ter\u00e7a-feira (31), o governador Rui Costa visitou as instala\u00e7\u00f5es da f\u00e1brica de drywall do Grupo Saint Gobain, em Feira de Santana, primeira ind\u00fastria convidada a integrar o eixo IV do programa Educar para Transformar &#8211; Um Pacto pela Educa\u00e7\u00e3o, que foi lan\u00e7ado na segunda (30). Participaram da visita o CEO global do grupo, Pierre-Andr\u00e9 [&hellip;]<\/p>\n","protected":false},"author":2,"featured_media":0,"comment_status":"open","ping_status":"open","sticky":false,"template":"","format":"standard","meta":{"_links_to":"","_links_to_target":""},"categories":[1],"tags":[11624,358,11625,615],"_links":{"self":[{"href":"https:\/\/www.blogdothame.blog.br\/v1\/wp-json\/wp\/v2\/posts\/38294"}],"collection":[{"href":"https:\/\/www.blogdothame.blog.br\/v1\/wp-json\/wp\/v2\/posts"}],"about":[{"href":"https:\/\/www.blogdothame.blog.br\/v1\/wp-json\/wp\/v2\/types\/post"}],"author":[{"embeddable":true,"href":"https:\/\/www.blogdothame.blog.br\/v1\/wp-json\/wp\/v2\/users\/2"}],"replies":[{"embeddable":true,"href":"https:\/\/www.blogdothame.blog.br\/v1\/wp-json\/wp\/v2\/comments?post=38294"}],"version-history":[{"count":1,"href":"https:\/\/www.blogdothame.blog.br\/v1\/wp-json\/wp\/v2\/posts\/38294\/revisions"}],"predecessor-version":[{"id":38297,"href":"https:\/\/www.blogdothame.blog.br\/v1\/wp-json\/wp\/v2\/posts\/38294\/revisions\/38297"}],"wp:attachment":[{"href":"https:\/\/www.blogdothame.blog.br\/v1\/wp-json\/wp\/v2\/media?parent=38294"}],"wp:term":[{"taxonomy":"category","embeddable":true,"href":"https:\/\/www.blogdothame.blog.br\/v1\/wp-json\/wp\/v2\/categories?post=38294"},{"taxonomy":"post_tag","embeddable":true,"href":"https:\/\/www.blogdothame.blog.br\/v1\/wp-json\/wp\/v2\/tags?post=38294"}],"curies":[{"name":"wp","href":"https:\/\/api.w.org\/{rel}","templated":true}]}}