{"id":38290,"date":"2015-03-31T18:20:06","date_gmt":"2015-03-31T21:20:06","guid":{"rendered":"http:\/\/www.blogdothame.blog.br\/v1\/?p=38290"},"modified":"2015-03-31T17:51:46","modified_gmt":"2015-03-31T20:51:46","slug":"policia-desarticula-e-apresenta-quadrilha-de-assaltantes-de-banco","status":"publish","type":"post","link":"https:\/\/www.blogdothame.blog.br\/v1\/2015\/03\/31\/policia-desarticula-e-apresenta-quadrilha-de-assaltantes-de-banco\/","title":{"rendered":"Pol\u00edcia desarticula e apresenta quadrilha de assaltantes de banco"},"content":{"rendered":"<p><img loading=\"lazy\" class=\"alignright size-medium wp-image-38291\" src=\"http:\/\/www.blogdothame.blog.br\/v1\/wp-content\/uploads\/2015\/03\/banco-2-300x168.jpg\" alt=\"banco 2\" width=\"300\" height=\"168\" srcset=\"https:\/\/www.blogdothame.blog.br\/v1\/wp-content\/uploads\/2015\/03\/banco-2-300x168.jpg 300w, https:\/\/www.blogdothame.blog.br\/v1\/wp-content\/uploads\/2015\/03\/banco-2-1024x576.jpg 1024w, https:\/\/www.blogdothame.blog.br\/v1\/wp-content\/uploads\/2015\/03\/banco-2.jpg 1280w\" sizes=\"(max-width: 300px) 100vw, 300px\" \/>Quatro integrantes de uma quadrilha de assaltantes de banco, envolvidos em um roubo a um carro-forte, no hipermercado Atacad\u00e3o, em Feira de Santana, em 15 de fevereiro, foram presos, numa opera\u00e7\u00e3o conjunta do Departamento de Repress\u00e3o e Combate ao Crime Organizado (DRACO), da 2\u00aa Coordenadoria Regional de Pol\u00edcia do Interior (Coorpin\/Alagoinhas), Coordena\u00e7\u00e3o de Opera\u00e7\u00f5es Especiais (COE), da Pol\u00edcia Civil, e de militares da Companhia Independente de Policiamento Especializado (CIPE\/Litoral Norte), durante o m\u00eas de mar\u00e7o, em Salvador e no interior.<\/p>\n<p>Clodoaldo Rocha dos Santos, o \u201cThiago\u201d, de 40 anos, l\u00edder da quadrilha, e Reginaldo Ribeiro do Nascimento, o \u201cTio\u201d, 44, foram presos, na sexta-feira (27), em Brotas. Joselito Sales Barbosa, o \u201cPantera\u201d, 36, foi localizado na cidade de Itapicuru, a 234 Km de Salvador, em 14 de mar\u00e7o, e Samuel Souza dos Santos, 39, foi capturado no dia 5 deste m\u00eas, em \u00c1guas Claras.<\/p>\n<p><img loading=\"lazy\" class=\"alignleft  wp-image-38292\" src=\"http:\/\/www.blogdothame.blog.br\/v1\/wp-content\/uploads\/2015\/03\/banco-1-300x276.jpg\" alt=\"banco 1\" width=\"237\" height=\"218\" srcset=\"https:\/\/www.blogdothame.blog.br\/v1\/wp-content\/uploads\/2015\/03\/banco-1-300x276.jpg 300w, https:\/\/www.blogdothame.blog.br\/v1\/wp-content\/uploads\/2015\/03\/banco-1.jpg 720w\" sizes=\"(max-width: 237px) 100vw, 237px\" \/>Com Samuel, os policiais apreenderam uma submetralhadora 9 mm, tr\u00eas pistolas calibres 380, 45 e 7.66, um rev\u00f3lver calibre 38, 30 quilos de maconha prensada, 136 muni\u00e7\u00f5es de diversos calibres, tr\u00eas coletes bal\u00edsticos, um fardamento completo da Pol\u00edcia Militar, um ve\u00edculo VW Fox, vermelho, placa OAI-3746, um Fiat Uno, branco, placa DXC-6952, e um VW Gol, prata, placa OUG 9-588. Ele foi autuado por tr\u00e1fico de drogas e porte ilegal de arma.<\/p>\n<p>No depoimento, Samuel disse que as armas apreendidas seriam utilizadas pela quadrilha em um assalto \u00e0 ag\u00eancia do banco Bradesco, na cidade de Concei\u00e7\u00e3o do Almeida, que estava sendo planejado pelos criminosos. Segundo o delegado Jorge Figueiredo, diretor do DRACO, os 30 quilos de maconha foram comprados com dinheiro dos roubos praticados pelo bando, que costumava investir os lucros dos assaltos no tr\u00e1fico de drogas.<\/p>\n<p><!--more--><\/p>\n<p>ITAPICURU<\/p>\n<p>De acordo com o delegado, cinco integrantes da quadrilha, composta por nove criminosos e investigada desde o in\u00edcio deste m\u00eas, teriam assaltado uma Casa Lot\u00e9rica, em Itapicuru, no dia 14 de mar\u00e7o, e pretendiam, com o dinheiro do roubo, financiar outro assalto a uma ag\u00eancia do banco do Brasil, na cidade de Olindina. Os criminosos foram surpreendidos pelos policiais, houve troca de tiros, e \u201cTio\u201d foi baleado no bra\u00e7o, sendo socorrido para uma unidade de sa\u00fade.<\/p>\n<p>Com mandado de pris\u00e3o em aberto, dois integrantes da quadrilha, o Carlos Eduardo Guimar\u00e3es e Ivo Santos Silva, o \u201cBigode\u201d ou \u201cJaleco\u201d, est\u00e3o sendo procurados. A pol\u00edcia busca identificar e capturar mais dois assaltantes que integram o bando. Davi de Jesus Silva, o \u201cB.A\u201d, comparsa dos criminosos, foi morto na cidade de Cris\u00f3polis durante troca de tiros com policiais.<\/p>\n<p>Depois de apresentados \u00e0 imprensa, na manh\u00e3 desta ter\u00e7a-feira (31), durante coletiva conduzida pelo delegado Maur\u00edcio Moradillo, do DRACO, \u201cPantera\u201d e Tiago, que j\u00e1 t\u00eam passagem por roubo a banco, e Samuel retornaram ao sistema prisional. \u201cTio\u201d est\u00e1 custodiado no Hospital Geral do Estado (HGE), tratando do ferimento no bra\u00e7o. A pol\u00edcia vai investigar o envolvimento da quadrilha em outros assaltos a banco no interior.<\/p>\n","protected":false},"excerpt":{"rendered":"<p>Quatro integrantes de uma quadrilha de assaltantes de banco, envolvidos em um roubo a um carro-forte, no hipermercado Atacad\u00e3o, em Feira de Santana, em 15 de fevereiro, foram presos, numa opera\u00e7\u00e3o conjunta do Departamento de Repress\u00e3o e Combate ao Crime Organizado (DRACO), da 2\u00aa Coordenadoria Regional de Pol\u00edcia do Interior (Coorpin\/Alagoinhas), Coordena\u00e7\u00e3o de Opera\u00e7\u00f5es Especiais [&hellip;]<\/p>\n","protected":false},"author":2,"featured_media":0,"comment_status":"open","ping_status":"open","sticky":false,"template":"","format":"standard","meta":{"_links_to":"","_links_to_target":""},"categories":[1],"tags":[11623,51,11622],"_links":{"self":[{"href":"https:\/\/www.blogdothame.blog.br\/v1\/wp-json\/wp\/v2\/posts\/38290"}],"collection":[{"href":"https:\/\/www.blogdothame.blog.br\/v1\/wp-json\/wp\/v2\/posts"}],"about":[{"href":"https:\/\/www.blogdothame.blog.br\/v1\/wp-json\/wp\/v2\/types\/post"}],"author":[{"embeddable":true,"href":"https:\/\/www.blogdothame.blog.br\/v1\/wp-json\/wp\/v2\/users\/2"}],"replies":[{"embeddable":true,"href":"https:\/\/www.blogdothame.blog.br\/v1\/wp-json\/wp\/v2\/comments?post=38290"}],"version-history":[{"count":1,"href":"https:\/\/www.blogdothame.blog.br\/v1\/wp-json\/wp\/v2\/posts\/38290\/revisions"}],"predecessor-version":[{"id":38293,"href":"https:\/\/www.blogdothame.blog.br\/v1\/wp-json\/wp\/v2\/posts\/38290\/revisions\/38293"}],"wp:attachment":[{"href":"https:\/\/www.blogdothame.blog.br\/v1\/wp-json\/wp\/v2\/media?parent=38290"}],"wp:term":[{"taxonomy":"category","embeddable":true,"href":"https:\/\/www.blogdothame.blog.br\/v1\/wp-json\/wp\/v2\/categories?post=38290"},{"taxonomy":"post_tag","embeddable":true,"href":"https:\/\/www.blogdothame.blog.br\/v1\/wp-json\/wp\/v2\/tags?post=38290"}],"curies":[{"name":"wp","href":"https:\/\/api.w.org\/{rel}","templated":true}]}}