{"id":38115,"date":"2015-03-25T09:55:25","date_gmt":"2015-03-25T12:55:25","guid":{"rendered":"http:\/\/www.blogdothame.blog.br\/v1\/?p=38115"},"modified":"2015-03-25T09:56:24","modified_gmt":"2015-03-25T12:56:24","slug":"crimes-contra-a-vida-em-feira-de-santana-diminuem-16-em-2015","status":"publish","type":"post","link":"https:\/\/www.blogdothame.blog.br\/v1\/2015\/03\/25\/crimes-contra-a-vida-em-feira-de-santana-diminuem-16-em-2015\/","title":{"rendered":"Crimes contra a vida em Feira de Santana diminuem 16% em 2015"},"content":{"rendered":"<p>De janeiro a 20 de mar\u00e7o deste ano, a Secretaria da Seguran\u00e7a P\u00fablica (SSP) registrou diminui\u00e7\u00e3o de 16,67% nos crimes contra a vida em Feira de Santana, na compara\u00e7\u00e3o com igual per\u00edodo de 2014. O n\u00famero de v\u00edtimas de Crimes Violentos Letais Intencionais (CVLI) caiu de 84 no ano passado para 70 em 2015. Os dados foram apurados pela SSP por meio do programa estadual Pacto pela Vida, que desde 2011 desenvolve a\u00e7\u00f5es em Salvador, regi\u00e3o metropolitana e cidades do interior.<\/p>\n<p>Para o coronel Adelm\u00e1rio Xavier, comandante de Policiamento Regional Leste, os n\u00fameros mostram que a pr\u00e1tica de integra\u00e7\u00e3o entre as pol\u00edcias Militar, Civil e T\u00e9cnica vem dando certo. Aliado a isso, segundo ele, o apoio incondicional aos comandos regionais e a valoriza\u00e7\u00e3o do policial, atrav\u00e9s do trabalho para elevar a autoestima da corpora\u00e7\u00e3o, t\u00eam sido fundamentais para o resultado positivo no combate \u00e0 viol\u00eancia no munic\u00edpio.<\/p>\n<p>Os crimes de latroc\u00ednio, homic\u00eddio e les\u00e3o corporal seguida de morte tiveram 32 registros em janeiro do ano passado, 30 em fevereiro e 22 em mar\u00e7o. J\u00e1 em 2015, ocorreram 30 casos em janeiro, 22 em fevereiro e 18 at\u00e9 o dia 20 de mar\u00e7o. Os dados s\u00e3o coletados pelo N\u00facleo de Gest\u00e3o do programa Pacto pela Vida e avaliados a cada 15 dias. \u201cA expectativa \u00e9 que o \u00edndice de viol\u00eancia caia muito mais\u201d, afirmou o coronel.<\/p>\n<p>\u201cHoje temos uma pol\u00edcia muito mais engajada. Em Feira, o policial tem compromisso com a sociedade e se aproxima, cada vez mais, da popula\u00e7\u00e3o. A Pol\u00edcia Militar vai intensificar dia a dia as a\u00e7\u00f5es que permitam a valoriza\u00e7\u00e3o desse profissional e garanta mais seguran\u00e7a e qualidade de vida para o cidad\u00e3o\u201d, acrescentou Xavier.<\/p>\n<p><strong>\u00a0<\/strong><\/p>\n","protected":false},"excerpt":{"rendered":"<p>De janeiro a 20 de mar\u00e7o deste ano, a Secretaria da Seguran\u00e7a P\u00fablica (SSP) registrou diminui\u00e7\u00e3o de 16,67% nos crimes contra a vida em Feira de Santana, na compara\u00e7\u00e3o com igual per\u00edodo de 2014. O n\u00famero de v\u00edtimas de Crimes Violentos Letais Intencionais (CVLI) caiu de 84 no ano passado para 70 em 2015. Os [&hellip;]<\/p>\n","protected":false},"author":2,"featured_media":0,"comment_status":"open","ping_status":"open","sticky":false,"template":"","format":"standard","meta":{"_links_to":"","_links_to_target":""},"categories":[1],"tags":[51,358,6818,1570],"_links":{"self":[{"href":"https:\/\/www.blogdothame.blog.br\/v1\/wp-json\/wp\/v2\/posts\/38115"}],"collection":[{"href":"https:\/\/www.blogdothame.blog.br\/v1\/wp-json\/wp\/v2\/posts"}],"about":[{"href":"https:\/\/www.blogdothame.blog.br\/v1\/wp-json\/wp\/v2\/types\/post"}],"author":[{"embeddable":true,"href":"https:\/\/www.blogdothame.blog.br\/v1\/wp-json\/wp\/v2\/users\/2"}],"replies":[{"embeddable":true,"href":"https:\/\/www.blogdothame.blog.br\/v1\/wp-json\/wp\/v2\/comments?post=38115"}],"version-history":[{"count":1,"href":"https:\/\/www.blogdothame.blog.br\/v1\/wp-json\/wp\/v2\/posts\/38115\/revisions"}],"predecessor-version":[{"id":38116,"href":"https:\/\/www.blogdothame.blog.br\/v1\/wp-json\/wp\/v2\/posts\/38115\/revisions\/38116"}],"wp:attachment":[{"href":"https:\/\/www.blogdothame.blog.br\/v1\/wp-json\/wp\/v2\/media?parent=38115"}],"wp:term":[{"taxonomy":"category","embeddable":true,"href":"https:\/\/www.blogdothame.blog.br\/v1\/wp-json\/wp\/v2\/categories?post=38115"},{"taxonomy":"post_tag","embeddable":true,"href":"https:\/\/www.blogdothame.blog.br\/v1\/wp-json\/wp\/v2\/tags?post=38115"}],"curies":[{"name":"wp","href":"https:\/\/api.w.org\/{rel}","templated":true}]}}