{"id":38073,"date":"2015-03-24T11:43:03","date_gmt":"2015-03-24T14:43:03","guid":{"rendered":"http:\/\/www.blogdothame.blog.br\/v1\/?p=38073"},"modified":"2015-03-24T11:43:03","modified_gmt":"2015-03-24T14:43:03","slug":"policia-prende-dois-homens-com-animais-silvestres-abatidos-irregularmente","status":"publish","type":"post","link":"https:\/\/www.blogdothame.blog.br\/v1\/2015\/03\/24\/policia-prende-dois-homens-com-animais-silvestres-abatidos-irregularmente\/","title":{"rendered":"Policia prende dois homens  com  animais silvestres abatidos irregularmente"},"content":{"rendered":"<p><img loading=\"lazy\" class=\"aligncenter  wp-image-38074\" src=\"http:\/\/www.blogdothame.blog.br\/v1\/wp-content\/uploads\/2015\/03\/ca\u00e7a-300x225.jpg\" alt=\"ca\u00e7a\" width=\"335\" height=\"251\" srcset=\"https:\/\/www.blogdothame.blog.br\/v1\/wp-content\/uploads\/2015\/03\/ca\u00e7a-300x225.jpg 300w, https:\/\/www.blogdothame.blog.br\/v1\/wp-content\/uploads\/2015\/03\/ca\u00e7a.jpg 681w\" sizes=\"(max-width: 335px) 100vw, 335px\" \/><\/p>\n<p>Policiais rodovi\u00e1rios federais apreenderam), diversos animais silvestres abatidos ilegalmente. O flagrante ocorreu durante abordagem a um ve\u00edculo com dois ocupantes, que trafegava na BR 116 Km 429, trecho de Feira de Santana.<\/p>\n<p>&nbsp;<\/p>\n<p>Ao revistar o ve\u00edculo, os policiais encontraram no porta malas, carnes de animais silvestres ca\u00e7ados e abatidos clandestinamente, como uma jiboia, tr\u00eas tatus, dois moc\u00f3s, dois tei\u00fas, meio javali e 15 quilos de carne de jacar\u00e9. Segundo declara\u00e7\u00f5es do passageiro, os animais foram adquiridos na cidade de Ipir\u00e1 e seriam comercializados em um estabelecimento de sua propriedade em Feira de Santana.<\/p>\n<p>&nbsp;<\/p>\n<p>&nbsp;<\/p>\n","protected":false},"excerpt":{"rendered":"<p>Policiais rodovi\u00e1rios federais apreenderam), diversos animais silvestres abatidos ilegalmente. O flagrante ocorreu durante abordagem a um ve\u00edculo com dois ocupantes, que trafegava na BR 116 Km 429, trecho de Feira de Santana. &nbsp; Ao revistar o ve\u00edculo, os policiais encontraram no porta malas, carnes de animais silvestres ca\u00e7ados e abatidos clandestinamente, como uma jiboia, tr\u00eas [&hellip;]<\/p>\n","protected":false},"author":2,"featured_media":0,"comment_status":"open","ping_status":"open","sticky":false,"template":"","format":"standard","meta":{"_links_to":"","_links_to_target":""},"categories":[1],"tags":[832,192,358,440],"_links":{"self":[{"href":"https:\/\/www.blogdothame.blog.br\/v1\/wp-json\/wp\/v2\/posts\/38073"}],"collection":[{"href":"https:\/\/www.blogdothame.blog.br\/v1\/wp-json\/wp\/v2\/posts"}],"about":[{"href":"https:\/\/www.blogdothame.blog.br\/v1\/wp-json\/wp\/v2\/types\/post"}],"author":[{"embeddable":true,"href":"https:\/\/www.blogdothame.blog.br\/v1\/wp-json\/wp\/v2\/users\/2"}],"replies":[{"embeddable":true,"href":"https:\/\/www.blogdothame.blog.br\/v1\/wp-json\/wp\/v2\/comments?post=38073"}],"version-history":[{"count":1,"href":"https:\/\/www.blogdothame.blog.br\/v1\/wp-json\/wp\/v2\/posts\/38073\/revisions"}],"predecessor-version":[{"id":38075,"href":"https:\/\/www.blogdothame.blog.br\/v1\/wp-json\/wp\/v2\/posts\/38073\/revisions\/38075"}],"wp:attachment":[{"href":"https:\/\/www.blogdothame.blog.br\/v1\/wp-json\/wp\/v2\/media?parent=38073"}],"wp:term":[{"taxonomy":"category","embeddable":true,"href":"https:\/\/www.blogdothame.blog.br\/v1\/wp-json\/wp\/v2\/categories?post=38073"},{"taxonomy":"post_tag","embeddable":true,"href":"https:\/\/www.blogdothame.blog.br\/v1\/wp-json\/wp\/v2\/tags?post=38073"}],"curies":[{"name":"wp","href":"https:\/\/api.w.org\/{rel}","templated":true}]}}