{"id":38008,"date":"2015-03-20T16:45:10","date_gmt":"2015-03-20T19:45:10","guid":{"rendered":"http:\/\/www.blogdothame.blog.br\/v1\/?p=38008"},"modified":"2015-03-20T16:49:45","modified_gmt":"2015-03-20T19:49:45","slug":"salvador-realiza-prime-outlet-2015","status":"publish","type":"post","link":"https:\/\/www.blogdothame.blog.br\/v1\/2015\/03\/20\/salvador-realiza-prime-outlet-2015\/","title":{"rendered":"Salvador realiza Prime Outlet 2015"},"content":{"rendered":"<p><img loading=\"lazy\" class=\"alignleft size-medium wp-image-38009\" src=\"http:\/\/www.blogdothame.blog.br\/v1\/wp-content\/uploads\/2015\/03\/prime-300x300.png\" alt=\"prime\" width=\"300\" height=\"300\" srcset=\"https:\/\/www.blogdothame.blog.br\/v1\/wp-content\/uploads\/2015\/03\/prime-300x300.png 300w, https:\/\/www.blogdothame.blog.br\/v1\/wp-content\/uploads\/2015\/03\/prime-150x150.png 150w, https:\/\/www.blogdothame.blog.br\/v1\/wp-content\/uploads\/2015\/03\/prime.png 819w\" sizes=\"(max-width: 300px) 100vw, 300px\" \/>De 23 a\u00a025 de abril, o Barra Hall vai se transformar em um centro de compras para as classe AA, A e B da capital baiana, com o Prime Outlet 2015 reunindo grandes marcas, consultoria de moda, grifes nacionais e internacionais, entretenimento, est\u00e9tica, gastronomia, turismo, servi\u00e7os, tecnologia e muito mais. O ingresso custar\u00e1 simb\u00f3licos R$ 5, valor revertido para o Hospital Infantil Martag\u00e3o Gesteira.<\/p>\n<p>N\u00facleo sazonal e itinerante de compras, o evento selecionar\u00e1 grandes marcas que, em estandes pr\u00f3prios, v\u00e3o expor seus produtos a pre\u00e7os convidativos para um p\u00fablico especial. \u201cOferecemos um espa\u00e7o integrado de compras, onde o consumidor encontrar\u00e1, al\u00e9m dos produtos de alta qualidade, infraestrutura completa e servi\u00e7os diferenciados\u201d, explica Luciano D\u00f3rea, diretor executivo da\u00a0Canal 2, referindo-se \u00e0s consultorias de Moda e Decora\u00e7\u00e3o, oferecidas em parceria com escolas superiores das duas \u00e1reas.\u00a0O projeto pioneiro da Canal 2 Comunica\u00e7\u00e3o e Eventos &#8211;\u00a0mesma empresa que faz as revistas do Yacht, Nb Plus, do N\u00facleo de Decora\u00e7\u00e3o e do Trof\u00e9u Prime\u00a0 -,<strong>\u00a0<\/strong>al\u00e9m de reunir diversos segmentos do mercado, tamb\u00e9m tem compromisso social e filantr\u00f3pico.<\/p>\n<p>&#8220;O projeto nasceu de uma preocupa\u00e7\u00e3o nossa em movimentar e aquecer o mercado baiano. Foram semanas de pesquisa para compor uma alternativa criativa que permitisse o empres\u00e1rio baiano trabalhar sua ponta de estoque e apresentar novidades do seu neg\u00f3cio&#8221;, esclarece Leonardo Oliveira, gerente de Marketing da Canal 2. Segundo Luciano D\u00f3rea, a organiza\u00e7\u00e3o do evento apostou no Barra Hall pela acessibilidade da casa, situada na Barra. A revitaliza\u00e7\u00e3o do belo e tradicional bairro trouxe novos ares para a regi\u00e3o, tornando-a novamente um local de lazer para popula\u00e7\u00e3o soteropolitana.<\/p>\n<p>Como se n\u00e3o bastasse, o Prime Outlet 2015 ainda apresentar\u00e1 novidades da culin\u00e1ria local, nacional e internacional, com exclusividade para o evento, criadas por renomados chefs atuantes na Bahia. Ferraz, Torre de Pizza, Kikos Marinhos, Petit Gourmet e Boteco du Pernil integram a alameda de experi\u00eancias gastron\u00f4micas. O evento figura, desde j\u00e1, como excelente op\u00e7\u00e3o de\u00a0lazer para toda a fam\u00edlia durante o final de semana, pois disponibilizar\u00e1 o Kids Zone, espa\u00e7o projetado para as crian\u00e7as, sob supervis\u00e3o de monitores especializados em recrea\u00e7\u00e3o para a garotada. Haver\u00e1 shows com os mais importantes personagens do mundo infantil, tais como: Galinha Pintadinha, Frozen, Peppa Pig, dentre outros<\/p>\n<p>\u201cO n\u00facleo de compras ter\u00e1 in\u00edcio na Bahia e se estender\u00e1 por todo o Nordeste. Marcas e grifes ir\u00e3o expor seus produtos e servi\u00e7os, durante tr\u00eas (3) dias, com comercializa\u00e7\u00e3o direta, degusta\u00e7\u00e3o e demonstra\u00e7\u00f5es\u201d, ressalta Luciano D\u00f3rea.\u00a0 Marca brasileira refer\u00eancia no mundo, a Osklen foi a primeira a assinar com o evento. Al\u00e9m dela, que desfila em breve no S\u00e3o Paulo Fashion Week, Cristalli Luxury Eyewear tamb\u00e9m participa do Prime Outlet 2015 &#8211; \u00f3tica que tem no seu portf\u00f3lio as grifes mais importantes do mundo, como Dior, Prada, Gucci, Tom Ford, Dolce&amp;Gabana, Giorgio Armani. O comercial guarda a sete chaves as negocia\u00e7\u00f5es com outras importantes marcas do cen\u00e1rio da moda brasileira.<\/p>\n","protected":false},"excerpt":{"rendered":"<p>De 23 a\u00a025 de abril, o Barra Hall vai se transformar em um centro de compras para as classe AA, A e B da capital baiana, com o Prime Outlet 2015 reunindo grandes marcas, consultoria de moda, grifes nacionais e internacionais, entretenimento, est\u00e9tica, gastronomia, turismo, servi\u00e7os, tecnologia e muito mais. O ingresso custar\u00e1 simb\u00f3licos R$ [&hellip;]<\/p>\n","protected":false},"author":2,"featured_media":0,"comment_status":"open","ping_status":"open","sticky":false,"template":"","format":"standard","meta":{"_links_to":"","_links_to_target":""},"categories":[1],"tags":[51,11540,433],"_links":{"self":[{"href":"https:\/\/www.blogdothame.blog.br\/v1\/wp-json\/wp\/v2\/posts\/38008"}],"collection":[{"href":"https:\/\/www.blogdothame.blog.br\/v1\/wp-json\/wp\/v2\/posts"}],"about":[{"href":"https:\/\/www.blogdothame.blog.br\/v1\/wp-json\/wp\/v2\/types\/post"}],"author":[{"embeddable":true,"href":"https:\/\/www.blogdothame.blog.br\/v1\/wp-json\/wp\/v2\/users\/2"}],"replies":[{"embeddable":true,"href":"https:\/\/www.blogdothame.blog.br\/v1\/wp-json\/wp\/v2\/comments?post=38008"}],"version-history":[{"count":1,"href":"https:\/\/www.blogdothame.blog.br\/v1\/wp-json\/wp\/v2\/posts\/38008\/revisions"}],"predecessor-version":[{"id":38010,"href":"https:\/\/www.blogdothame.blog.br\/v1\/wp-json\/wp\/v2\/posts\/38008\/revisions\/38010"}],"wp:attachment":[{"href":"https:\/\/www.blogdothame.blog.br\/v1\/wp-json\/wp\/v2\/media?parent=38008"}],"wp:term":[{"taxonomy":"category","embeddable":true,"href":"https:\/\/www.blogdothame.blog.br\/v1\/wp-json\/wp\/v2\/categories?post=38008"},{"taxonomy":"post_tag","embeddable":true,"href":"https:\/\/www.blogdothame.blog.br\/v1\/wp-json\/wp\/v2\/tags?post=38008"}],"curies":[{"name":"wp","href":"https:\/\/api.w.org\/{rel}","templated":true}]}}