{"id":37862,"date":"2015-03-16T13:24:26","date_gmt":"2015-03-16T16:24:26","guid":{"rendered":"http:\/\/www.blogdothame.blog.br\/v1\/?p=37862"},"modified":"2015-03-16T11:25:47","modified_gmt":"2015-03-16T14:25:47","slug":"entidades-baianas-comemoram-30-anos-sem-ditadura-militar","status":"publish","type":"post","link":"https:\/\/www.blogdothame.blog.br\/v1\/2015\/03\/16\/entidades-baianas-comemoram-30-anos-sem-ditadura-militar\/","title":{"rendered":"Entidades baianas comemoram 30 anos sem Ditadura Militar"},"content":{"rendered":"<p><img loading=\"lazy\" class=\"aligncenter  wp-image-37864\" src=\"http:\/\/www.blogdothame.blog.br\/v1\/wp-content\/uploads\/2015\/03\/dita1.jpg\" alt=\"dita\" width=\"288\" height=\"216\" \/><\/p>\n<p>Entidades de defesa dos direitos humanos na Bahia promovem o ato \u201cViva a Democracia\u201d, em comemora\u00e7\u00e3o aos 30 anos sem ditadura militar no Brasil, amanh\u00e3 (17), a partir das 14:30 horas, no Forte do Barbalho, que foi o principal centro de tortura no Estado.<\/p>\n<p>Os organizadores ressaltam que ser\u00e1 um evento pol\u00edtico-cultural de mem\u00f3ria e resist\u00eancia para lembrar os momentos marcantes da redemocratiza\u00e7\u00e3o, do papel das institui\u00e7\u00f5es, dos movimentos e das pessoas.<\/p>\n<p>&nbsp;<\/p>\n<p>PROGRAMA\u00c7\u00c3O<\/p>\n<p>O evento \u201cViva a Democracia\u201d ser\u00e1 aberto \u00e0s 14:30 horas com uma concentra\u00e7\u00e3o no Teatro do ICEIA, com a Batucada Levante Popular da Juventude animando uma caminhada at\u00e9 o Forte do Barbalho.<\/p>\n<p>\u00c0s 15:30 horas os professores Jos\u00e9 Carlos de Souza e Marcela Mascarenhas ministram uma aula p\u00fablica sobre \u201cO fim da ditadura a redemocratiza\u00e7\u00e3o do Brasi\u201d, seguindo-se um recital de poesia e performance teatral.<\/p>\n<p>\u00c0s 17:30 horas, palestra de Ivan Seixas, jornalista e membro da Comiss\u00e3o Especial sobre Mortos e Desaparecidos Pol\u00edticos da Lei 9140\/95, sobre \u201cJusti\u00e7a de transi\u00e7\u00e3o, mem\u00f3ria e verdade\u201d. \u00c0s 18:30 horas, coffee break e lan\u00e7amento de livros de Emiliano Jos\u00e9\/Oldack Miranda, Joviniano Neto, Rui Patterson, Paulo Martins, Roberto Ribeiro Martins e Carlos Pronzato. O ato ser\u00e1 encerrado \u00e0s 19 horas com um show musical de Mariela Santiago e Tato Lemos.<\/p>\n<p>O evento \u201cViva a Democracia\u201d \u00e9 promovido pelo Comit\u00ea Baiano Pela Verdade, Grupo Tortura Nunca Mais\/Bahia, Coordenadoria Ecum\u00eanica de Servi\u00e7o (Cese), A\u00e7\u00e3o Social Arquidiocesana (Asa), Centro Vitor Meyer e Comiss\u00e3o de Direitos Humanos da OAB\/Bahia, com apoio da Secretaria de Justi\u00e7a, Direitos Humanos e Desenvolvimento Social, Secretaria da Educa\u00e7\u00e3o e Secretaria de Cultura do Estado.<\/p>\n","protected":false},"excerpt":{"rendered":"<p>Entidades de defesa dos direitos humanos na Bahia promovem o ato \u201cViva a Democracia\u201d, em comemora\u00e7\u00e3o aos 30 anos sem ditadura militar no Brasil, amanh\u00e3 (17), a partir das 14:30 horas, no Forte do Barbalho, que foi o principal centro de tortura no Estado. Os organizadores ressaltam que ser\u00e1 um evento pol\u00edtico-cultural de mem\u00f3ria e [&hellip;]<\/p>\n","protected":false},"author":2,"featured_media":0,"comment_status":"open","ping_status":"open","sticky":false,"template":"","format":"standard","meta":{"_links_to":"","_links_to_target":""},"categories":[1],"tags":[51,665,11487,11491,11488,11490,11489,11486],"_links":{"self":[{"href":"https:\/\/www.blogdothame.blog.br\/v1\/wp-json\/wp\/v2\/posts\/37862"}],"collection":[{"href":"https:\/\/www.blogdothame.blog.br\/v1\/wp-json\/wp\/v2\/posts"}],"about":[{"href":"https:\/\/www.blogdothame.blog.br\/v1\/wp-json\/wp\/v2\/types\/post"}],"author":[{"embeddable":true,"href":"https:\/\/www.blogdothame.blog.br\/v1\/wp-json\/wp\/v2\/users\/2"}],"replies":[{"embeddable":true,"href":"https:\/\/www.blogdothame.blog.br\/v1\/wp-json\/wp\/v2\/comments?post=37862"}],"version-history":[{"count":1,"href":"https:\/\/www.blogdothame.blog.br\/v1\/wp-json\/wp\/v2\/posts\/37862\/revisions"}],"predecessor-version":[{"id":37865,"href":"https:\/\/www.blogdothame.blog.br\/v1\/wp-json\/wp\/v2\/posts\/37862\/revisions\/37865"}],"wp:attachment":[{"href":"https:\/\/www.blogdothame.blog.br\/v1\/wp-json\/wp\/v2\/media?parent=37862"}],"wp:term":[{"taxonomy":"category","embeddable":true,"href":"https:\/\/www.blogdothame.blog.br\/v1\/wp-json\/wp\/v2\/categories?post=37862"},{"taxonomy":"post_tag","embeddable":true,"href":"https:\/\/www.blogdothame.blog.br\/v1\/wp-json\/wp\/v2\/tags?post=37862"}],"curies":[{"name":"wp","href":"https:\/\/api.w.org\/{rel}","templated":true}]}}