{"id":37824,"date":"2015-03-14T10:29:44","date_gmt":"2015-03-14T13:29:44","guid":{"rendered":"http:\/\/www.blogdothame.blog.br\/v1\/?p=37824"},"modified":"2015-03-14T10:29:44","modified_gmt":"2015-03-14T13:29:44","slug":"convocacao-de-pms-e-publicada-no-diario-oficial","status":"publish","type":"post","link":"https:\/\/www.blogdothame.blog.br\/v1\/2015\/03\/14\/convocacao-de-pms-e-publicada-no-diario-oficial\/","title":{"rendered":"Convoca\u00e7\u00e3o de PMs \u00e9 publicada no Diario Oficial"},"content":{"rendered":"<p>Foi publicado no Di\u00e1rio Oficial do Estado deste s\u00e1bado a <strong><a href=\"http:\/\/www.bahianoticias.com.br\/noticia\/168991-rui-anuncia-pelo-twitter-convocacao-de-2-mil-aprovados-no-concurso-da-pm.html\">convoca\u00e7\u00e3o dos dois mil policiais <\/a><\/strong>anunciada pelo governador da Bahia, Rui Costa (PT).\u00a0 O governador\u00a0 Rui Costa reafirmou o esfor\u00e7o para ampliar e qualificar o quadro de profissionais da \u00e1rea de seguran\u00e7a como parte das a\u00e7\u00f5es do programa Pacto Pela Vida. \u201cJ\u00e1 temos cerca de 1.100 policiais em fase final de sele\u00e7\u00e3o para iniciar o treinamento e autorizei convocar mais dois mil. Esperamos que at\u00e9 maio consigamos superar todos os obst\u00e1culos judiciais que foram interpostos no concurso da Pol\u00edcia Civil fazendo com que ainda nesse primeiro semestre possamos convocar mais policiais civis para compor e refor\u00e7ar a seguran\u00e7a\u201d.<\/p>\n<p>&nbsp;<\/p>\n<p>O edital traz a rela\u00e7\u00e3o dos convocados por ordem de classifica\u00e7\u00e3o, regi\u00e3o e munic\u00edpio sede. Do total, 871 pra\u00e7as atuar\u00e3o em Salvador. O restante das vagas ser\u00e1 distribu\u00eddo em outras seis regi\u00f5es do estado, sendo 134 em Juazeiro, 329 em Feira de Santana, 194 em Ilh\u00e9us, 189 em Vit\u00f3ria da Conquista, 134 em Barreiras e 149 em Itaberaba. A publica\u00e7\u00e3o estabelece ainda os prazos para a realiza\u00e7\u00e3o dos exames pr\u00e9-admissionais e apresenta\u00e7\u00e3o de documenta\u00e7\u00e3o. O cronograma come\u00e7a no dia 13 de abril e inclui avalia\u00e7\u00e3o psicol\u00f3gica, exames m\u00e9dico-odontol\u00f3gicos, teste de aptid\u00e3o f\u00edsica e investiga\u00e7\u00e3o social. Os candidatos considerados aptos \u00e0 investidura no cargo e exerc\u00edcio da fun\u00e7\u00e3o ingressar\u00e3o no Curso de Forma\u00e7\u00e3o de Soldados da PM, que tem dura\u00e7\u00e3o de nove meses. A data da matr\u00edcula est\u00e1 prevista para o dia 22 de junho.<\/p>\n<p>&nbsp;<\/p>\n","protected":false},"excerpt":{"rendered":"<p>Foi publicado no Di\u00e1rio Oficial do Estado deste s\u00e1bado a convoca\u00e7\u00e3o dos dois mil policiais anunciada pelo governador da Bahia, Rui Costa (PT).\u00a0 O governador\u00a0 Rui Costa reafirmou o esfor\u00e7o para ampliar e qualificar o quadro de profissionais da \u00e1rea de seguran\u00e7a como parte das a\u00e7\u00f5es do programa Pacto Pela Vida. \u201cJ\u00e1 temos cerca de [&hellip;]<\/p>\n","protected":false},"author":2,"featured_media":0,"comment_status":"open","ping_status":"open","sticky":false,"template":"","format":"standard","meta":{"_links_to":"","_links_to_target":""},"categories":[1],"tags":[51,11468,615],"_links":{"self":[{"href":"https:\/\/www.blogdothame.blog.br\/v1\/wp-json\/wp\/v2\/posts\/37824"}],"collection":[{"href":"https:\/\/www.blogdothame.blog.br\/v1\/wp-json\/wp\/v2\/posts"}],"about":[{"href":"https:\/\/www.blogdothame.blog.br\/v1\/wp-json\/wp\/v2\/types\/post"}],"author":[{"embeddable":true,"href":"https:\/\/www.blogdothame.blog.br\/v1\/wp-json\/wp\/v2\/users\/2"}],"replies":[{"embeddable":true,"href":"https:\/\/www.blogdothame.blog.br\/v1\/wp-json\/wp\/v2\/comments?post=37824"}],"version-history":[{"count":1,"href":"https:\/\/www.blogdothame.blog.br\/v1\/wp-json\/wp\/v2\/posts\/37824\/revisions"}],"predecessor-version":[{"id":37825,"href":"https:\/\/www.blogdothame.blog.br\/v1\/wp-json\/wp\/v2\/posts\/37824\/revisions\/37825"}],"wp:attachment":[{"href":"https:\/\/www.blogdothame.blog.br\/v1\/wp-json\/wp\/v2\/media?parent=37824"}],"wp:term":[{"taxonomy":"category","embeddable":true,"href":"https:\/\/www.blogdothame.blog.br\/v1\/wp-json\/wp\/v2\/categories?post=37824"},{"taxonomy":"post_tag","embeddable":true,"href":"https:\/\/www.blogdothame.blog.br\/v1\/wp-json\/wp\/v2\/tags?post=37824"}],"curies":[{"name":"wp","href":"https:\/\/api.w.org\/{rel}","templated":true}]}}