{"id":37792,"date":"2015-03-13T12:06:22","date_gmt":"2015-03-13T15:06:22","guid":{"rendered":"http:\/\/www.blogdothame.blog.br\/v1\/?p=37792"},"modified":"2015-03-13T12:07:58","modified_gmt":"2015-03-13T15:07:58","slug":"apreendidos-36-quilos-de-cocaina-e-crack","status":"publish","type":"post","link":"https:\/\/www.blogdothame.blog.br\/v1\/2015\/03\/13\/apreendidos-36-quilos-de-cocaina-e-crack\/","title":{"rendered":"Apreendidos 36 quilos de coca\u00edna e crack"},"content":{"rendered":"<p><img loading=\"lazy\" class=\"aligncenter size-medium wp-image-37793\" src=\"http:\/\/www.blogdothame.blog.br\/v1\/wp-content\/uploads\/2015\/03\/cocacrack-300x253.jpg\" alt=\"cocacrack\" width=\"300\" height=\"253\" srcset=\"https:\/\/www.blogdothame.blog.br\/v1\/wp-content\/uploads\/2015\/03\/cocacrack-300x253.jpg 300w, https:\/\/www.blogdothame.blog.br\/v1\/wp-content\/uploads\/2015\/03\/cocacrack.jpg 605w\" sizes=\"(max-width: 300px) 100vw, 300px\" \/><\/p>\n<p>Vinte e cinco quilos de crack e onze quilos de coca\u00edna, armazenados numa casa, na localidade da Lajinha, no bairro da Engomadeira, em Salvador, foram apreendidos, por investigadores da 2\u00aa Delegacia de Homic\u00eddios (DH\/Central), que cumpriam uma ordem de servi\u00e7o para localizar e prender homicidas da regi\u00e3o. N\u00e3o havia ningu\u00e9m no im\u00f3vel.<\/p>\n<p>De acordo com a delegada Clelba Teles, titular da 2\u00aa DH, os policiais foram informados, por meio de den\u00fancia an\u00f4nima, de que uma resid\u00eancia localizada na Rua Capit\u00e3o Tadeu funcionava como ponto de venda de drogas. Todo o material apreendido j\u00e1 foi periciado pelo Departamento de Pol\u00edcia T\u00e9cnica (DPT). As investiga\u00e7\u00f5es est\u00e3o em andamento para identificar e localizar a quadrilha respons\u00e1vel pela propriedade dos entorpecentes.<\/p>\n","protected":false},"excerpt":{"rendered":"<p>Vinte e cinco quilos de crack e onze quilos de coca\u00edna, armazenados numa casa, na localidade da Lajinha, no bairro da Engomadeira, em Salvador, foram apreendidos, por investigadores da 2\u00aa Delegacia de Homic\u00eddios (DH\/Central), que cumpriam uma ordem de servi\u00e7o para localizar e prender homicidas da regi\u00e3o. N\u00e3o havia ningu\u00e9m no im\u00f3vel. De acordo com [&hellip;]<\/p>\n","protected":false},"author":2,"featured_media":0,"comment_status":"open","ping_status":"open","sticky":false,"template":"","format":"standard","meta":{"_links_to":"","_links_to_target":""},"categories":[1],"tags":[11469,51,979],"_links":{"self":[{"href":"https:\/\/www.blogdothame.blog.br\/v1\/wp-json\/wp\/v2\/posts\/37792"}],"collection":[{"href":"https:\/\/www.blogdothame.blog.br\/v1\/wp-json\/wp\/v2\/posts"}],"about":[{"href":"https:\/\/www.blogdothame.blog.br\/v1\/wp-json\/wp\/v2\/types\/post"}],"author":[{"embeddable":true,"href":"https:\/\/www.blogdothame.blog.br\/v1\/wp-json\/wp\/v2\/users\/2"}],"replies":[{"embeddable":true,"href":"https:\/\/www.blogdothame.blog.br\/v1\/wp-json\/wp\/v2\/comments?post=37792"}],"version-history":[{"count":1,"href":"https:\/\/www.blogdothame.blog.br\/v1\/wp-json\/wp\/v2\/posts\/37792\/revisions"}],"predecessor-version":[{"id":37794,"href":"https:\/\/www.blogdothame.blog.br\/v1\/wp-json\/wp\/v2\/posts\/37792\/revisions\/37794"}],"wp:attachment":[{"href":"https:\/\/www.blogdothame.blog.br\/v1\/wp-json\/wp\/v2\/media?parent=37792"}],"wp:term":[{"taxonomy":"category","embeddable":true,"href":"https:\/\/www.blogdothame.blog.br\/v1\/wp-json\/wp\/v2\/categories?post=37792"},{"taxonomy":"post_tag","embeddable":true,"href":"https:\/\/www.blogdothame.blog.br\/v1\/wp-json\/wp\/v2\/tags?post=37792"}],"curies":[{"name":"wp","href":"https:\/\/api.w.org\/{rel}","templated":true}]}}