{"id":37789,"date":"2015-03-13T09:11:47","date_gmt":"2015-03-13T12:11:47","guid":{"rendered":"http:\/\/www.blogdothame.blog.br\/v1\/?p=37789"},"modified":"2015-03-13T09:11:47","modified_gmt":"2015-03-13T12:11:47","slug":"rui-costa-anuncia-convocacao-de-pms","status":"publish","type":"post","link":"https:\/\/www.blogdothame.blog.br\/v1\/2015\/03\/13\/rui-costa-anuncia-convocacao-de-pms\/","title":{"rendered":"Rui Costa anuncia convoca\u00e7\u00e3o de PMs"},"content":{"rendered":"<p>O governador Rui Costa anunciou em seu perfil oficial no Twitter (<strong><a href=\"https:\/\/twitter.com\/costa_rui\">@costa_rui<\/a><\/strong>), na noite desta quinta-feira (12), que vai convocar, essa semana, dois mil aprovados no concurso da Pol\u00edcia Militar de 2012. O edital de convoca\u00e7\u00e3o ser\u00e1 publicado no Di\u00e1rio Oficial do Estado, estabelecendo, entre outras coisas, o prazo para realiza\u00e7\u00e3o de exames m\u00e9dicos, que ter\u00e1 in\u00edcio na pr\u00f3xima semana<\/p>\n<p><img loading=\"lazy\" class=\"aligncenter size-medium wp-image-37790\" src=\"http:\/\/www.blogdothame.blog.br\/v1\/wp-content\/uploads\/2015\/03\/rui-T-300x159.jpg\" alt=\"rui T\" width=\"300\" height=\"159\" srcset=\"https:\/\/www.blogdothame.blog.br\/v1\/wp-content\/uploads\/2015\/03\/rui-T-300x159.jpg 300w, https:\/\/www.blogdothame.blog.br\/v1\/wp-content\/uploads\/2015\/03\/rui-T.jpg 565w\" sizes=\"(max-width: 300px) 100vw, 300px\" \/><\/p>\n","protected":false},"excerpt":{"rendered":"<p>O governador Rui Costa anunciou em seu perfil oficial no Twitter (@costa_rui), na noite desta quinta-feira (12), que vai convocar, essa semana, dois mil aprovados no concurso da Pol\u00edcia Militar de 2012. O edital de convoca\u00e7\u00e3o ser\u00e1 publicado no Di\u00e1rio Oficial do Estado, estabelecendo, entre outras coisas, o prazo para realiza\u00e7\u00e3o de exames m\u00e9dicos, que [&hellip;]<\/p>\n","protected":false},"author":2,"featured_media":0,"comment_status":"open","ping_status":"open","sticky":false,"template":"","format":"standard","meta":{"_links_to":"","_links_to_target":""},"categories":[1],"tags":[11468,615],"_links":{"self":[{"href":"https:\/\/www.blogdothame.blog.br\/v1\/wp-json\/wp\/v2\/posts\/37789"}],"collection":[{"href":"https:\/\/www.blogdothame.blog.br\/v1\/wp-json\/wp\/v2\/posts"}],"about":[{"href":"https:\/\/www.blogdothame.blog.br\/v1\/wp-json\/wp\/v2\/types\/post"}],"author":[{"embeddable":true,"href":"https:\/\/www.blogdothame.blog.br\/v1\/wp-json\/wp\/v2\/users\/2"}],"replies":[{"embeddable":true,"href":"https:\/\/www.blogdothame.blog.br\/v1\/wp-json\/wp\/v2\/comments?post=37789"}],"version-history":[{"count":1,"href":"https:\/\/www.blogdothame.blog.br\/v1\/wp-json\/wp\/v2\/posts\/37789\/revisions"}],"predecessor-version":[{"id":37791,"href":"https:\/\/www.blogdothame.blog.br\/v1\/wp-json\/wp\/v2\/posts\/37789\/revisions\/37791"}],"wp:attachment":[{"href":"https:\/\/www.blogdothame.blog.br\/v1\/wp-json\/wp\/v2\/media?parent=37789"}],"wp:term":[{"taxonomy":"category","embeddable":true,"href":"https:\/\/www.blogdothame.blog.br\/v1\/wp-json\/wp\/v2\/categories?post=37789"},{"taxonomy":"post_tag","embeddable":true,"href":"https:\/\/www.blogdothame.blog.br\/v1\/wp-json\/wp\/v2\/tags?post=37789"}],"curies":[{"name":"wp","href":"https:\/\/api.w.org\/{rel}","templated":true}]}}