{"id":37729,"date":"2015-03-12T12:31:06","date_gmt":"2015-03-12T15:31:06","guid":{"rendered":"http:\/\/www.blogdothame.blog.br\/v1\/?p=37729"},"modified":"2015-03-12T12:32:04","modified_gmt":"2015-03-12T15:32:04","slug":"37729","status":"publish","type":"post","link":"https:\/\/www.blogdothame.blog.br\/v1\/2015\/03\/12\/37729\/","title":{"rendered":"Celulares e facas apreendidos durante revista em carceragem"},"content":{"rendered":"<p><img loading=\"lazy\" class=\"aligncenter size-medium wp-image-37730\" src=\"http:\/\/www.blogdothame.blog.br\/v1\/wp-content\/uploads\/2015\/03\/faca-300x180.jpg\" alt=\"faca\" width=\"300\" height=\"180\" srcset=\"https:\/\/www.blogdothame.blog.br\/v1\/wp-content\/uploads\/2015\/03\/faca-300x180.jpg 300w, https:\/\/www.blogdothame.blog.br\/v1\/wp-content\/uploads\/2015\/03\/faca-1024x614.jpg 1024w, https:\/\/www.blogdothame.blog.br\/v1\/wp-content\/uploads\/2015\/03\/faca.jpg 1280w\" sizes=\"(max-width: 300px) 100vw, 300px\" \/>Dez celulares, carregadores, facas e \u201cchun\u00e7os\u201d foram apreendidos, durante revista realizada por policiais da Coordena\u00e7\u00e3o de Opera\u00e7\u00f5es Especiais (COE), da Pol\u00edcia Civil, na carceragem da 26\u00aa Delegacia Territorial (DT) de Abrantes. O material apreendido estava escondido nas celas ocupadas pelos 40 presos que est\u00e3o custodiados na unidade policial.<\/p>\n<p>Segundo a delegada Marilda Marcela, titular em exerc\u00edcio da 26\u00aaDT\/Abrantes, parte dos presos pertence a quadrilhas rivais e a revista nas celas foi solicitada para evitar qualquer tipo de confronto entre os grupos. O Departamento de Pol\u00edcia Metropolitana (Depom), j\u00e1 est\u00e1 negociando com o judici\u00e1rio a transfer\u00eancia dos presos para o sistema prisional. A revista foi realizada sem maiores incidentes.<\/p>\n","protected":false},"excerpt":{"rendered":"<p>Dez celulares, carregadores, facas e \u201cchun\u00e7os\u201d foram apreendidos, durante revista realizada por policiais da Coordena\u00e7\u00e3o de Opera\u00e7\u00f5es Especiais (COE), da Pol\u00edcia Civil, na carceragem da 26\u00aa Delegacia Territorial (DT) de Abrantes. O material apreendido estava escondido nas celas ocupadas pelos 40 presos que est\u00e3o custodiados na unidade policial. Segundo a delegada Marilda Marcela, titular em [&hellip;]<\/p>\n","protected":false},"author":2,"featured_media":0,"comment_status":"open","ping_status":"open","sticky":false,"template":"","format":"standard","meta":{"_links_to":"","_links_to_target":""},"categories":[1],"tags":[11456,51,11457,132],"_links":{"self":[{"href":"https:\/\/www.blogdothame.blog.br\/v1\/wp-json\/wp\/v2\/posts\/37729"}],"collection":[{"href":"https:\/\/www.blogdothame.blog.br\/v1\/wp-json\/wp\/v2\/posts"}],"about":[{"href":"https:\/\/www.blogdothame.blog.br\/v1\/wp-json\/wp\/v2\/types\/post"}],"author":[{"embeddable":true,"href":"https:\/\/www.blogdothame.blog.br\/v1\/wp-json\/wp\/v2\/users\/2"}],"replies":[{"embeddable":true,"href":"https:\/\/www.blogdothame.blog.br\/v1\/wp-json\/wp\/v2\/comments?post=37729"}],"version-history":[{"count":2,"href":"https:\/\/www.blogdothame.blog.br\/v1\/wp-json\/wp\/v2\/posts\/37729\/revisions"}],"predecessor-version":[{"id":37732,"href":"https:\/\/www.blogdothame.blog.br\/v1\/wp-json\/wp\/v2\/posts\/37729\/revisions\/37732"}],"wp:attachment":[{"href":"https:\/\/www.blogdothame.blog.br\/v1\/wp-json\/wp\/v2\/media?parent=37729"}],"wp:term":[{"taxonomy":"category","embeddable":true,"href":"https:\/\/www.blogdothame.blog.br\/v1\/wp-json\/wp\/v2\/categories?post=37729"},{"taxonomy":"post_tag","embeddable":true,"href":"https:\/\/www.blogdothame.blog.br\/v1\/wp-json\/wp\/v2\/tags?post=37729"}],"curies":[{"name":"wp","href":"https:\/\/api.w.org\/{rel}","templated":true}]}}