{"id":37599,"date":"2015-03-09T12:32:57","date_gmt":"2015-03-09T15:32:57","guid":{"rendered":"http:\/\/www.blogdothame.blog.br\/v1\/?p=37599"},"modified":"2015-03-09T12:34:41","modified_gmt":"2015-03-09T15:34:41","slug":"para-atacar-dilma-juiz-federal-faz-piada-com-assassinato-de-mulheres","status":"publish","type":"post","link":"https:\/\/www.blogdothame.blog.br\/v1\/2015\/03\/09\/para-atacar-dilma-juiz-federal-faz-piada-com-assassinato-de-mulheres\/","title":{"rendered":"Para atacar Dilma, juiz federal faz piada com assassinato de mulheres"},"content":{"rendered":"<div id=\"attachment_37600\" style=\"width: 349px\" class=\"wp-caption aligncenter\"><img aria-describedby=\"caption-attachment-37600\" loading=\"lazy\" class=\" wp-image-37600\" src=\"http:\/\/www.blogdothame.blog.br\/v1\/wp-content\/uploads\/2015\/03\/juiz-dilma-300x162.jpg\" alt=\"Juiz brinca com coisa s\u00e9ria. Pode isso, Arnaldo?\" width=\"339\" height=\"183\" srcset=\"https:\/\/www.blogdothame.blog.br\/v1\/wp-content\/uploads\/2015\/03\/juiz-dilma-300x162.jpg 300w, https:\/\/www.blogdothame.blog.br\/v1\/wp-content\/uploads\/2015\/03\/juiz-dilma.jpg 380w\" sizes=\"(max-width: 339px) 100vw, 339px\" \/><p id=\"caption-attachment-37600\" class=\"wp-caption-text\">Juiz brinca com coisa s\u00e9ria. Pode isso, Arnaldo?<\/p><\/div>\n<p>Pouco ap\u00f3s o pronunciamento da presidente Dilma Rousseff (PT) em rede nacional, o juiz federal Alexandre Infante, de Montes Claros (MG), sugeriu que Dilma legisla \u201cem causa pr\u00f3pria\u201d ao sancionar a Lei do Feminc\u00eddio. A declara\u00e7\u00e3o em que Infante sugestiona a morte da presidente foi feita por meio da conta do magistrado no Twitter, ap\u00f3s ele bradar por \u201cPanela\u00e7o!\u201d na mesma rede social.<\/p>\n<p>Ap\u00f3s o incidente, o juiz federal excluiu as postagens iniciais e pediu desculpas: \u201cFiz uma piada no Twitter com a declara\u00e7\u00e3o de Dilma de que amanh\u00e3 sancionar\u00e1 a Lei do Feminic\u00eddio. Mas ela foi mal compreendida. Com tanta gente insatisfeita com a Presidente, muitos querem &#8220;mat\u00e1-la&#8221;, n\u00e3o no sentido literal, mas politicamente, pelo impeachment\u201d, escreveu Infante. (c0m informa\u00e7\u00f5es do Bahia Noticias)<\/p>\n","protected":false},"excerpt":{"rendered":"<p>Pouco ap\u00f3s o pronunciamento da presidente Dilma Rousseff (PT) em rede nacional, o juiz federal Alexandre Infante, de Montes Claros (MG), sugeriu que Dilma legisla \u201cem causa pr\u00f3pria\u201d ao sancionar a Lei do Feminc\u00eddio. A declara\u00e7\u00e3o em que Infante sugestiona a morte da presidente foi feita por meio da conta do magistrado no Twitter, ap\u00f3s [&hellip;]<\/p>\n","protected":false},"author":2,"featured_media":0,"comment_status":"open","ping_status":"open","sticky":false,"template":"","format":"standard","meta":{"_links_to":"","_links_to_target":""},"categories":[1],"tags":[361,11427,11425,11426],"_links":{"self":[{"href":"https:\/\/www.blogdothame.blog.br\/v1\/wp-json\/wp\/v2\/posts\/37599"}],"collection":[{"href":"https:\/\/www.blogdothame.blog.br\/v1\/wp-json\/wp\/v2\/posts"}],"about":[{"href":"https:\/\/www.blogdothame.blog.br\/v1\/wp-json\/wp\/v2\/types\/post"}],"author":[{"embeddable":true,"href":"https:\/\/www.blogdothame.blog.br\/v1\/wp-json\/wp\/v2\/users\/2"}],"replies":[{"embeddable":true,"href":"https:\/\/www.blogdothame.blog.br\/v1\/wp-json\/wp\/v2\/comments?post=37599"}],"version-history":[{"count":2,"href":"https:\/\/www.blogdothame.blog.br\/v1\/wp-json\/wp\/v2\/posts\/37599\/revisions"}],"predecessor-version":[{"id":37602,"href":"https:\/\/www.blogdothame.blog.br\/v1\/wp-json\/wp\/v2\/posts\/37599\/revisions\/37602"}],"wp:attachment":[{"href":"https:\/\/www.blogdothame.blog.br\/v1\/wp-json\/wp\/v2\/media?parent=37599"}],"wp:term":[{"taxonomy":"category","embeddable":true,"href":"https:\/\/www.blogdothame.blog.br\/v1\/wp-json\/wp\/v2\/categories?post=37599"},{"taxonomy":"post_tag","embeddable":true,"href":"https:\/\/www.blogdothame.blog.br\/v1\/wp-json\/wp\/v2\/tags?post=37599"}],"curies":[{"name":"wp","href":"https:\/\/api.w.org\/{rel}","templated":true}]}}