{"id":37443,"date":"2015-03-04T11:15:48","date_gmt":"2015-03-04T14:15:48","guid":{"rendered":"http:\/\/www.blogdothame.blog.br\/v1\/?p=37443"},"modified":"2015-03-04T11:52:00","modified_gmt":"2015-03-04T14:52:00","slug":"primeira-reuniao-de-rui-com-bancada-na-al-tem-recorde-de-deputados","status":"publish","type":"post","link":"https:\/\/www.blogdothame.blog.br\/v1\/2015\/03\/04\/primeira-reuniao-de-rui-com-bancada-na-al-tem-recorde-de-deputados\/","title":{"rendered":"Primeira reuni\u00e3o de Rui com bancada  na AL tem recorde de deputados"},"content":{"rendered":"<p>&nbsp;<\/p>\n<p><img loading=\"lazy\" class=\"aligncenter  wp-image-37444\" src=\"http:\/\/www.blogdothame.blog.br\/v1\/wp-content\/uploads\/2015\/03\/reuni\u00e3o-bancada-2-300x199.jpg\" alt=\"reuni\u00e3o bancada 2\" width=\"350\" height=\"232\" srcset=\"https:\/\/www.blogdothame.blog.br\/v1\/wp-content\/uploads\/2015\/03\/reuni\u00e3o-bancada-2-300x199.jpg 300w, https:\/\/www.blogdothame.blog.br\/v1\/wp-content\/uploads\/2015\/03\/reuni\u00e3o-bancada-2.jpg 765w\" sizes=\"(max-width: 350px) 100vw, 350px\" \/><\/p>\n<p>&#8220;Governador, quero registrar que estamos batendo um recorde na presen\u00e7a dos deputados&#8221;. A afirma\u00e7\u00e3o \u00e9 do presidente da Assembleia Legislativa da Bahia (AL-BA), Marcelo Nilo, em encontro realizado na manh\u00e3 desta quarta-feira (4), no sal\u00e3o Ondina do Othon Palace Hotel, em Salvador, com a presen\u00e7a do governador Rui Costa e 39 deputados que comp\u00f5em a bancada governista. Participam do encontro, o vice-governador Jo\u00e3o le\u00e3o; o l\u00edder da bancada do Governo na AL-BA, deputado Z\u00e9 Neto; e os secret\u00e1rios de Estado, Josias Gomes, C\u00edcero Monteiro, Manoel Vit\u00f3rio e Andr\u00e9 Curvello.<\/p>\n<p>O secret\u00e1rio da Fazenda, Manoel Vit\u00f3rio, aproveitou a oportunidade e destacou que recebeu a seguinte determina\u00e7\u00e3o de Rui: &#8220;temos que manter a seguran\u00e7a financeira do Estado&#8221;. O secret\u00e1rio disse que medidas duras est\u00e3o sendo tomadas e que a Bahia j\u00e1 sofre em virtude de alguns setores estarem arrecadando menos. Ainda afirmou que uma &#8220;luz quase vermelha&#8221; est\u00e1 piscando em virtude, por exemplo, do baixo crescimento do ICMS e do IPVA e da retra\u00e7\u00e3o do consumo das fam\u00edlias e destacou a redu\u00e7\u00e3o dos valores referentes \u00e0s transfer\u00eancias de conv\u00eanios.<\/p>\n<p><img loading=\"lazy\" class=\"aligncenter size-medium wp-image-37445\" src=\"http:\/\/www.blogdothame.blog.br\/v1\/wp-content\/uploads\/2015\/03\/reuniao-bancada-300x199.jpg\" alt=\"reuniao bancada\" width=\"300\" height=\"199\" srcset=\"https:\/\/www.blogdothame.blog.br\/v1\/wp-content\/uploads\/2015\/03\/reuniao-bancada-300x199.jpg 300w, https:\/\/www.blogdothame.blog.br\/v1\/wp-content\/uploads\/2015\/03\/reuniao-bancada.jpg 765w\" sizes=\"(max-width: 300px) 100vw, 300px\" \/><\/p>\n<p>&nbsp;<\/p>\n","protected":false},"excerpt":{"rendered":"<p>&nbsp; &#8220;Governador, quero registrar que estamos batendo um recorde na presen\u00e7a dos deputados&#8221;. A afirma\u00e7\u00e3o \u00e9 do presidente da Assembleia Legislativa da Bahia (AL-BA), Marcelo Nilo, em encontro realizado na manh\u00e3 desta quarta-feira (4), no sal\u00e3o Ondina do Othon Palace Hotel, em Salvador, com a presen\u00e7a do governador Rui Costa e 39 deputados que comp\u00f5em [&hellip;]<\/p>\n","protected":false},"author":2,"featured_media":0,"comment_status":"open","ping_status":"open","sticky":false,"template":"","format":"standard","meta":{"_links_to":"","_links_to_target":""},"categories":[1],"tags":[552,11381,615],"_links":{"self":[{"href":"https:\/\/www.blogdothame.blog.br\/v1\/wp-json\/wp\/v2\/posts\/37443"}],"collection":[{"href":"https:\/\/www.blogdothame.blog.br\/v1\/wp-json\/wp\/v2\/posts"}],"about":[{"href":"https:\/\/www.blogdothame.blog.br\/v1\/wp-json\/wp\/v2\/types\/post"}],"author":[{"embeddable":true,"href":"https:\/\/www.blogdothame.blog.br\/v1\/wp-json\/wp\/v2\/users\/2"}],"replies":[{"embeddable":true,"href":"https:\/\/www.blogdothame.blog.br\/v1\/wp-json\/wp\/v2\/comments?post=37443"}],"version-history":[{"count":2,"href":"https:\/\/www.blogdothame.blog.br\/v1\/wp-json\/wp\/v2\/posts\/37443\/revisions"}],"predecessor-version":[{"id":37447,"href":"https:\/\/www.blogdothame.blog.br\/v1\/wp-json\/wp\/v2\/posts\/37443\/revisions\/37447"}],"wp:attachment":[{"href":"https:\/\/www.blogdothame.blog.br\/v1\/wp-json\/wp\/v2\/media?parent=37443"}],"wp:term":[{"taxonomy":"category","embeddable":true,"href":"https:\/\/www.blogdothame.blog.br\/v1\/wp-json\/wp\/v2\/categories?post=37443"},{"taxonomy":"post_tag","embeddable":true,"href":"https:\/\/www.blogdothame.blog.br\/v1\/wp-json\/wp\/v2\/tags?post=37443"}],"curies":[{"name":"wp","href":"https:\/\/api.w.org\/{rel}","templated":true}]}}