{"id":37388,"date":"2015-03-02T18:15:29","date_gmt":"2015-03-02T21:15:29","guid":{"rendered":"http:\/\/www.blogdothame.blog.br\/v1\/?p=37388"},"modified":"2015-03-02T18:15:29","modified_gmt":"2015-03-02T21:15:29","slug":"eduardo-salles-meu-mandato-esta-aberto-a-todos-os-setores-do-estado","status":"publish","type":"post","link":"https:\/\/www.blogdothame.blog.br\/v1\/2015\/03\/02\/eduardo-salles-meu-mandato-esta-aberto-a-todos-os-setores-do-estado\/","title":{"rendered":"Eduardo Salles: \u201cmeu mandato est\u00e1 aberto a todos os setores do Estado\u201d"},"content":{"rendered":"<p><img loading=\"lazy\" class=\"aligncenter size-medium wp-image-37389\" src=\"http:\/\/www.blogdothame.blog.br\/v1\/wp-content\/uploads\/2015\/03\/eduardo-AL-300x225.jpg\" alt=\"eduardo AL\" width=\"300\" height=\"225\" srcset=\"https:\/\/www.blogdothame.blog.br\/v1\/wp-content\/uploads\/2015\/03\/eduardo-AL-300x225.jpg 300w, https:\/\/www.blogdothame.blog.br\/v1\/wp-content\/uploads\/2015\/03\/eduardo-AL-1024x768.jpg 1024w, https:\/\/www.blogdothame.blog.br\/v1\/wp-content\/uploads\/2015\/03\/eduardo-AL.jpg 1089w\" sizes=\"(max-width: 300px) 100vw, 300px\" \/>O deputado estadual Eduardo Salles (PP) fez nesta segunda-feira (2) seu primeiro discurso no plen\u00e1rio da ALBA (Assembleia Legislativa da Bahia). O parlamentar garantiu que o \u201cmandato est\u00e1 aberto a todos os setores produtivos, aos trabalhadores e \u00e0s entidades do Estado\u201d.<\/p>\n<p>Ele disse que recebeu quase 80 mil votos espalhados por 95% dos 417 munic\u00edpios baianos. \u201cAgrade\u00e7o ao meu partido e o per\u00edodo em que estive \u00e0 frente da Secretaria Estadual de Agricultura, durante o governo de Jaques Wagner\u201d, declarou.<\/p>\n<p>\u201cMeu mandato est\u00e1 a servi\u00e7o de todos. Apesar de ter trabalhado na iniciativa privada e no setor p\u00fablico com agropecu\u00e1ria, vamos debater a Bahia acima de tudo, independente da \u00e1rea\u201d, continuou Eduardo Salles.<\/p>\n<p>O parlamentar lembrou aos colegas que preside a Comiss\u00e3o de Educa\u00e7\u00e3o, Cultura, Ci\u00eancia e Tecnologia e Servi\u00e7os P\u00fablicos e \u00e9 membro das comiss\u00f5es de Agricultura e Pol\u00edtica Rural, de Meio Ambiente, Seca e Recursos H\u00eddricos, da Comiss\u00e3o Especial da Ferrovia de Integra\u00e7\u00e3o Oeste-Leste e da Comiss\u00e3o de Assuntos Territoriais e de Emancipa\u00e7\u00e3o.<\/p>\n<p>\u201cSerei um deputado prestador de servi\u00e7os e que pretende elaborar projetos de lei para melhorar a vida dos baianos\u201d, concluiu Eduardo Salles.<\/p>\n","protected":false},"excerpt":{"rendered":"<p>O deputado estadual Eduardo Salles (PP) fez nesta segunda-feira (2) seu primeiro discurso no plen\u00e1rio da ALBA (Assembleia Legislativa da Bahia). O parlamentar garantiu que o \u201cmandato est\u00e1 aberto a todos os setores produtivos, aos trabalhadores e \u00e0s entidades do Estado\u201d. Ele disse que recebeu quase 80 mil votos espalhados por 95% dos 417 munic\u00edpios [&hellip;]<\/p>\n","protected":false},"author":2,"featured_media":0,"comment_status":"open","ping_status":"open","sticky":false,"template":"","format":"standard","meta":{"_links_to":"","_links_to_target":""},"categories":[1],"tags":[552,93,11359],"_links":{"self":[{"href":"https:\/\/www.blogdothame.blog.br\/v1\/wp-json\/wp\/v2\/posts\/37388"}],"collection":[{"href":"https:\/\/www.blogdothame.blog.br\/v1\/wp-json\/wp\/v2\/posts"}],"about":[{"href":"https:\/\/www.blogdothame.blog.br\/v1\/wp-json\/wp\/v2\/types\/post"}],"author":[{"embeddable":true,"href":"https:\/\/www.blogdothame.blog.br\/v1\/wp-json\/wp\/v2\/users\/2"}],"replies":[{"embeddable":true,"href":"https:\/\/www.blogdothame.blog.br\/v1\/wp-json\/wp\/v2\/comments?post=37388"}],"version-history":[{"count":1,"href":"https:\/\/www.blogdothame.blog.br\/v1\/wp-json\/wp\/v2\/posts\/37388\/revisions"}],"predecessor-version":[{"id":37390,"href":"https:\/\/www.blogdothame.blog.br\/v1\/wp-json\/wp\/v2\/posts\/37388\/revisions\/37390"}],"wp:attachment":[{"href":"https:\/\/www.blogdothame.blog.br\/v1\/wp-json\/wp\/v2\/media?parent=37388"}],"wp:term":[{"taxonomy":"category","embeddable":true,"href":"https:\/\/www.blogdothame.blog.br\/v1\/wp-json\/wp\/v2\/categories?post=37388"},{"taxonomy":"post_tag","embeddable":true,"href":"https:\/\/www.blogdothame.blog.br\/v1\/wp-json\/wp\/v2\/tags?post=37388"}],"curies":[{"name":"wp","href":"https:\/\/api.w.org\/{rel}","templated":true}]}}