{"id":37219,"date":"2015-02-25T09:09:26","date_gmt":"2015-02-25T12:09:26","guid":{"rendered":"http:\/\/www.blogdothame.blog.br\/v1\/?p=37219"},"modified":"2015-02-25T09:09:26","modified_gmt":"2015-02-25T12:09:26","slug":"secretaria-de-justica-e-direitos-humanos-realiza-primeira-feira-de-saude-e-cidadania-para-moradores-de-rua","status":"publish","type":"post","link":"https:\/\/www.blogdothame.blog.br\/v1\/2015\/02\/25\/secretaria-de-justica-e-direitos-humanos-realiza-primeira-feira-de-saude-e-cidadania-para-moradores-de-rua\/","title":{"rendered":"Secretaria de Justi\u00e7a e Direitos Humanos realiza Primeira Feira de Sa\u00fade e Cidadania para moradores de rua"},"content":{"rendered":"<p>&nbsp;<\/p>\n<p>Nesta quarta-feira (25), a Secretaria de Justi\u00e7a Direitos Humanos e Desenvolvimento Social (SJDHDS) realiza a\u00a0Primeira Feira de Sa\u00fade e Cidadania, das 14h \u00e0s 17h, na Pra\u00e7a das M\u00e3os, no Bairro do Com\u00e9rcio em Salvador. A feira tem como objetivo ampliar o acesso \u00e0 sa\u00fade, cidadania e garantir pol\u00edticas p\u00fablicas aos moradores de rua.<\/p>\n<p>Com programa\u00e7\u00e3o diversificada, os moradores locais e usu\u00e1rios de subst\u00e2ncias psicoativas contar\u00e3o com servi\u00e7os de sa\u00fade, como a realiza\u00e7\u00e3o de testes r\u00e1pidos para s\u00edfilis e HIV. A popula\u00e7\u00e3o tamb\u00e9m ter\u00e1 \u00e0 disposi\u00e7\u00e3o o servi\u00e7o de cadastro para emiss\u00e3o do Cart\u00e3o do SUS, al\u00e9m de informa\u00e7\u00f5es sobre tuberculose, oficinas de Sa\u00fade, arte, educa\u00e7\u00e3o e orienta\u00e7\u00f5es que abordar\u00e3o o uso problem\u00e1tico de subst\u00e2ncias psicoativas.<\/p>\n<p>A Primeira Feira de Sa\u00fade e Cidadania \u00e9 uma inciativa da Secretaria de Justi\u00e7a, Direitos Humanos e Desenvolvimento Social (SJDHDS), atrav\u00e9s da Superintend\u00eancia de Pol\u00edticas sobre Drogas e Acolhimento a grupos Vulner\u00e1veis (SUPRAD), em parceira com a Unidade de Sa\u00fade da Fam\u00edlia (USF), da Prefeitura Municipal de Salvador e o Centro de Estudos e Terapia do Abuso de Drogas \u2013 CETAD\/UFBA, que juntos buscam promover a cidadania e o acesso aos servi\u00e7os de sa\u00fade e justi\u00e7a atrav\u00e9s do atendimento aos usu\u00e1rios. As atividades ser\u00e3o acompanhadas pelos t\u00e9cnicos do Projeto Corra pro Abra\u00e7o da SUPRAD\/ SJDHDS.<\/p>\n<p><strong>\u00a0<\/strong><\/p>\n","protected":false},"excerpt":{"rendered":"<p>&nbsp; Nesta quarta-feira (25), a Secretaria de Justi\u00e7a Direitos Humanos e Desenvolvimento Social (SJDHDS) realiza a\u00a0Primeira Feira de Sa\u00fade e Cidadania, das 14h \u00e0s 17h, na Pra\u00e7a das M\u00e3os, no Bairro do Com\u00e9rcio em Salvador. A feira tem como objetivo ampliar o acesso \u00e0 sa\u00fade, cidadania e garantir pol\u00edticas p\u00fablicas aos moradores de rua. Com [&hellip;]<\/p>\n","protected":false},"author":2,"featured_media":0,"comment_status":"open","ping_status":"open","sticky":false,"template":"","format":"standard","meta":{"_links_to":"","_links_to_target":""},"categories":[1],"tags":[11313,433,11312],"_links":{"self":[{"href":"https:\/\/www.blogdothame.blog.br\/v1\/wp-json\/wp\/v2\/posts\/37219"}],"collection":[{"href":"https:\/\/www.blogdothame.blog.br\/v1\/wp-json\/wp\/v2\/posts"}],"about":[{"href":"https:\/\/www.blogdothame.blog.br\/v1\/wp-json\/wp\/v2\/types\/post"}],"author":[{"embeddable":true,"href":"https:\/\/www.blogdothame.blog.br\/v1\/wp-json\/wp\/v2\/users\/2"}],"replies":[{"embeddable":true,"href":"https:\/\/www.blogdothame.blog.br\/v1\/wp-json\/wp\/v2\/comments?post=37219"}],"version-history":[{"count":1,"href":"https:\/\/www.blogdothame.blog.br\/v1\/wp-json\/wp\/v2\/posts\/37219\/revisions"}],"predecessor-version":[{"id":37220,"href":"https:\/\/www.blogdothame.blog.br\/v1\/wp-json\/wp\/v2\/posts\/37219\/revisions\/37220"}],"wp:attachment":[{"href":"https:\/\/www.blogdothame.blog.br\/v1\/wp-json\/wp\/v2\/media?parent=37219"}],"wp:term":[{"taxonomy":"category","embeddable":true,"href":"https:\/\/www.blogdothame.blog.br\/v1\/wp-json\/wp\/v2\/categories?post=37219"},{"taxonomy":"post_tag","embeddable":true,"href":"https:\/\/www.blogdothame.blog.br\/v1\/wp-json\/wp\/v2\/tags?post=37219"}],"curies":[{"name":"wp","href":"https:\/\/api.w.org\/{rel}","templated":true}]}}