{"id":37216,"date":"2015-02-25T08:49:24","date_gmt":"2015-02-25T11:49:24","guid":{"rendered":"http:\/\/www.blogdothame.blog.br\/v1\/?p=37216"},"modified":"2015-02-25T10:40:39","modified_gmt":"2015-02-25T13:40:39","slug":"lula-se-querem-guerra-eu-tambem-sei-lutar","status":"publish","type":"post","link":"https:\/\/www.blogdothame.blog.br\/v1\/2015\/02\/25\/lula-se-querem-guerra-eu-tambem-sei-lutar\/","title":{"rendered":"Lula: \u201cse querem guerra, eu tamb\u00e9m sei lutar\u201d"},"content":{"rendered":"<p><img loading=\"lazy\" class=\"aligncenter  wp-image-37217\" src=\"http:\/\/www.blogdothame.blog.br\/v1\/wp-content\/uploads\/2015\/02\/lula-petrobras-300x163.jpg\" alt=\"lula petrobras\" width=\"497\" height=\"270\" srcset=\"https:\/\/www.blogdothame.blog.br\/v1\/wp-content\/uploads\/2015\/02\/lula-petrobras-300x163.jpg 300w, https:\/\/www.blogdothame.blog.br\/v1\/wp-content\/uploads\/2015\/02\/lula-petrobras.jpg 657w\" sizes=\"(max-width: 497px) 100vw, 497px\" \/><\/p>\n<p><strong>(do Brasil 247)<\/strong>\u00a0&#8211; O ex-presidente Lula disse que est\u00e1 pronto para ir para as ruas &#8220;defender a Petrobras, defender a reforma pol\u00edtica e a democracia&#8221;. Segundo ele, &#8220;come\u00e7amos uma luta e essa luta vai demorar&#8221;. O ex-presidente participou do ato em defesa da Petrobras, que ocorreu na sede da ABI, no Rio de Janeiro.<\/p>\n<p>&#8220;Sou filho de uma mulher analfabeta. de um pai analfabeto. E o mais importante legado que minha m\u00e3e deixou foi o direito de eu andar de cabe\u00e7a erguida e ningu\u00e9m vai fazer eu baixar a cabe\u00e7a neste pa\u00eds. Honestidade n\u00e3o \u00e9 m\u00e9rito, \u00e9 obriga\u00e7\u00e3o. Eu quero paz e democracia, mas se eles querem guerra, eu sei lutar tamb\u00e9m&#8221;, desafiou.<\/p>\n<p>Durante o ato, Lula comparou o atual momento pol\u00edtico pelo qual passa o pa\u00eds com o per\u00edodo imediatamente posterior \u00e0 instala\u00e7\u00e3o da ditadura militar no Brasil, em 1964.<\/p>\n<p>&#8220;Percebo que eles continuam fazendo hoje o que sempre fizeram antes. A ideia b\u00e1sica \u00e9 criminalizar antes, tornar bandido antes, antes de ser investigado e julgado. \u00c9 criminalizado pela imprensa e come\u00e7a o processo pela senten\u00e7a. O problema s\u00e9rio \u00e9 que se eu conto uma inverdade muitas vezes, ela vira verdade para milh\u00f5es de pessoas. A tal da teoria do dom\u00ednio do fato, eu n\u00e3o tenho que saber se voc\u00ea cometeu um crime, mas se voc\u00ea \u00e9 o chefe, ent\u00e3o voc\u00ea cometeu. \u00c9 um pressuposto&#8221;, afirmou. &#8220;No caso da Petrobras, se parte do pressuposto de que tem que acabar com a Petrobras e criminalizar a pol\u00edtica&#8221;, disse.<\/p>\n<p>&#8220;Tem algo acontecendo neste pa\u00eds. Acabamos de ver a famosa Primavera \u00c1rabe, ver o ex-presidente do Egito ser derrubado, depois eleger algu\u00e9m, depois derrubar e agora os militares est\u00e3o l\u00e1. Sabemos o que aconteceu na L\u00edbia. O Iraque est\u00e1 afundado em viol\u00eancia. E estamos vendo no Brasil a criminaliza\u00e7\u00e3o da ascens\u00e3o social de uma camada da popula\u00e7\u00e3o brasileira. A elite n\u00e3o se conforma com a ascens\u00e3o dos mais pobres&#8221;, afirmou.<\/p>\n<p>&#8220;Eu fui o presidente que mais visitei a Petrobras, sou o presidente que tenho orgulho de em 2002 ter feito minha campanha defendendo a Petrobras, a ind\u00fastria naval brasileira e o conte\u00fado nacional. Talvez tenha sido o presidente que mais inaugurou plataformas. Tenho orgulho de ter participado do centro de estudos da Petrobras&#8221;, afirmou. &#8220;Tenho orgulho da maior capitaliza\u00e7\u00e3o do capitalismo mundial, que foi a capitaliza\u00e7\u00e3o da Petrobras, que se tornou uma das empresas mais importantes do mundo. Que vergonha eu posso ter se no meio de uma fam\u00edlia de 86 mil pessoas, se uma pessoa comete um erro, uma &#8216;caca&#8221;. N\u00e3o podemos jogar a Petrobras fora por causa de meia d\u00fazia de pessoas ou 50 pessoas&#8221;, ressalvou. Em seu discurso, Lula tamb\u00e9m defendeu a pol\u00edtica de conte\u00fado nacional e o modelo de partilha.<\/p>\n<p>&#8220;Nossa companheira Dilma tem que deixar a Petrobras para a Petrobras, as investiga\u00e7\u00f5es para o ministro da Justi\u00e7a. A Dilma tem que lembrar que ganhou elei\u00e7\u00e3o, levantar a cabe\u00e7a e cuidar do pa\u00eds. Ela n\u00e3o pode dar trela. N\u00f3s ganhamos as elei\u00e7\u00f5es e parece que temos vergonha de ter ganhado&#8221;, afirmou. &#8220;Vamos defender a Petrobras, que significa defender a democracia&#8221;, disse.<\/p>\n<p>O ex-presidente tamb\u00e9m fez cr\u00edticas \u00e0 imprensa. &#8220;Quero dizer a imprensa que cheguei duas vezes \u00e0 Presid\u00eancia sem ela. A imprensa s\u00f3 tem um papel que \u00e9 de informar corretamente&#8221;, afirmou. O ato foi organizado pela CUT e pela FUP (Federa\u00e7\u00e3o \u00danica dos Petroleiros), com a presen\u00e7a de representantes do movimento sindical, advogados, jornalistas e intelectuais.<\/p>\n<p>&nbsp;<\/p>\n<p>Veja a fala de Lula:<\/p>\n<p><iframe loading=\"lazy\" width=\"580\" height=\"320\" src=\"https:\/\/www.youtube.com\/embed\/mR0c7ps9e0Q?feature=player_embedded\" frameborder=\"0\" allowfullscreen><\/iframe><\/p>\n","protected":false},"excerpt":{"rendered":"<p>(do Brasil 247)\u00a0&#8211; O ex-presidente Lula disse que est\u00e1 pronto para ir para as ruas &#8220;defender a Petrobras, defender a reforma pol\u00edtica e a democracia&#8221;. Segundo ele, &#8220;come\u00e7amos uma luta e essa luta vai demorar&#8221;. O ex-presidente participou do ato em defesa da Petrobras, que ocorreu na sede da ABI, no Rio de Janeiro. &#8220;Sou [&hellip;]<\/p>\n","protected":false},"author":2,"featured_media":0,"comment_status":"open","ping_status":"open","sticky":false,"template":"","format":"standard","meta":{"_links_to":"","_links_to_target":""},"categories":[1],"tags":[11311,337],"_links":{"self":[{"href":"https:\/\/www.blogdothame.blog.br\/v1\/wp-json\/wp\/v2\/posts\/37216"}],"collection":[{"href":"https:\/\/www.blogdothame.blog.br\/v1\/wp-json\/wp\/v2\/posts"}],"about":[{"href":"https:\/\/www.blogdothame.blog.br\/v1\/wp-json\/wp\/v2\/types\/post"}],"author":[{"embeddable":true,"href":"https:\/\/www.blogdothame.blog.br\/v1\/wp-json\/wp\/v2\/users\/2"}],"replies":[{"embeddable":true,"href":"https:\/\/www.blogdothame.blog.br\/v1\/wp-json\/wp\/v2\/comments?post=37216"}],"version-history":[{"count":3,"href":"https:\/\/www.blogdothame.blog.br\/v1\/wp-json\/wp\/v2\/posts\/37216\/revisions"}],"predecessor-version":[{"id":37234,"href":"https:\/\/www.blogdothame.blog.br\/v1\/wp-json\/wp\/v2\/posts\/37216\/revisions\/37234"}],"wp:attachment":[{"href":"https:\/\/www.blogdothame.blog.br\/v1\/wp-json\/wp\/v2\/media?parent=37216"}],"wp:term":[{"taxonomy":"category","embeddable":true,"href":"https:\/\/www.blogdothame.blog.br\/v1\/wp-json\/wp\/v2\/categories?post=37216"},{"taxonomy":"post_tag","embeddable":true,"href":"https:\/\/www.blogdothame.blog.br\/v1\/wp-json\/wp\/v2\/tags?post=37216"}],"curies":[{"name":"wp","href":"https:\/\/api.w.org\/{rel}","templated":true}]}}