{"id":37205,"date":"2015-02-24T17:11:26","date_gmt":"2015-02-24T20:11:26","guid":{"rendered":"http:\/\/www.blogdothame.blog.br\/v1\/?p=37205"},"modified":"2015-02-24T17:14:05","modified_gmt":"2015-02-24T20:14:05","slug":"jornada-pedagogica-de-itapetinga-destaca-valores-humanos-da-escola-para-a-vida","status":"publish","type":"post","link":"https:\/\/www.blogdothame.blog.br\/v1\/2015\/02\/24\/jornada-pedagogica-de-itapetinga-destaca-valores-humanos-da-escola-para-a-vida\/","title":{"rendered":"Jornada Pedag\u00f3gica de Itapetinga destaca valores humanos da escola para a vida"},"content":{"rendered":"<p><img loading=\"lazy\" class=\"aligncenter  wp-image-37208\" src=\"http:\/\/www.blogdothame.blog.br\/v1\/wp-content\/uploads\/2015\/02\/cibele-jornada-12-300x198.jpg\" alt=\"cibele jornada 1\" width=\"455\" height=\"300\" srcset=\"https:\/\/www.blogdothame.blog.br\/v1\/wp-content\/uploads\/2015\/02\/cibele-jornada-12-300x198.jpg 300w, https:\/\/www.blogdothame.blog.br\/v1\/wp-content\/uploads\/2015\/02\/cibele-jornada-12-1024x678.jpg 1024w, https:\/\/www.blogdothame.blog.br\/v1\/wp-content\/uploads\/2015\/02\/cibele-jornada-12.jpg 1359w\" sizes=\"(max-width: 455px) 100vw, 455px\" \/><\/p>\n<p>Com o tema \u201cValores Humanos\u201d da escola para a vida, a Jornada Pedag\u00f3gica 2015 da Rede Municipal de Educa\u00e7\u00e3o de Itapetinga e teve como objetivo principal promover a reflex\u00e3o sobre a responsabilidade de toda a comunidade escolar na promo\u00e7\u00e3o de um ensino de qualidade. A cerim\u00f4nia de abertura aconteceu no espa\u00e7o de festas do Itapetinga T\u00eanis Clube e reuniu centenas de pessoas.<\/p>\n<p>&nbsp;<\/p>\n<p><img loading=\"lazy\" class=\"alignright  wp-image-37209\" src=\"http:\/\/www.blogdothame.blog.br\/v1\/wp-content\/uploads\/2015\/02\/cibele-jornada-5-300x198.jpg\" alt=\"cibele jornada 5\" width=\"335\" height=\"221\" srcset=\"https:\/\/www.blogdothame.blog.br\/v1\/wp-content\/uploads\/2015\/02\/cibele-jornada-5-300x198.jpg 300w, https:\/\/www.blogdothame.blog.br\/v1\/wp-content\/uploads\/2015\/02\/cibele-jornada-5.jpg 500w\" sizes=\"(max-width: 335px) 100vw, 335px\" \/>O evento contou com a presen\u00e7a de v\u00e1rias autoridades do munic\u00edpio e a regi\u00e3o. Representando o executivo municipal o professor e Vice-Prefeito Al\u00e9cio Chaves, Sibele Nery\u00a0 Secret\u00e1ria de Educa\u00e7\u00e3o de Itapetinga, Presidente da APLB e Vereador Renan Coelho, Suzane Martins &#8211;\u00a0Representando o NRE O8 (antiga Direc 14), Mirando Silva \u2013 Sinditatiba, Silvana Ferreira \u2013 Conselho Municipal de educa\u00e7\u00e3o,\u00a0Tenente C\u00e9sar Augusto do\u00a0Tg 06-023, Pastor Leonardo Cotrim\u00a0e\u00a0ainda teve apresenta\u00e7\u00e3o do Coral Canto das Artes, da Maestrina Leniza Santos.<\/p>\n<p><img loading=\"lazy\" class=\"alignleft size-medium wp-image-37210\" src=\"http:\/\/www.blogdothame.blog.br\/v1\/wp-content\/uploads\/2015\/02\/cibele-jornada-6-300x154.jpg\" alt=\"cibele jornada 6\" width=\"300\" height=\"154\" srcset=\"https:\/\/www.blogdothame.blog.br\/v1\/wp-content\/uploads\/2015\/02\/cibele-jornada-6-300x154.jpg 300w, https:\/\/www.blogdothame.blog.br\/v1\/wp-content\/uploads\/2015\/02\/cibele-jornada-6.jpg 500w\" sizes=\"(max-width: 300px) 100vw, 300px\" \/>Para Sibele,\u00a0a Jornada Pedag\u00f3gica \u00e9 um encontro fundamental para a comunidade escolar.\u00a0\u201c\u00c9<em>\u00a0um momento que retornamos do descanso, que \u00e9 merecido, para que possamos estabelecer metas para mais um ano letivo. Com esse encontro, temos a oportunidade de dialogar com os gestores da Secretaria Municipal de Educa\u00e7\u00e3o para pensarmos juntos o ano letivo e refletirmos sobre as nossas pr\u00e1ticas pedag\u00f3gicas<\/em>\u201d.<\/p>\n<p>&nbsp;<\/p>\n<p>A\u00a0programa\u00e7\u00e3o teve como palestrante da noite o M\u00e1gico Renner, com o tema; A f\u00f3rmula m\u00e1gica para o sucesso da aprendizagem, visando preparar e motivar a rede para receber os alunos no retorno \u00e0s aulas, no dia 23 de fevereiro. Uma palestra que levou o p\u00fablico presente a dar muitas gargalhadas, com um toque especial das m\u00e1gicas apresentadas, contando um pouco de sua trajet\u00f3ria de vida e ao mesmo tempo emocionando a todos. O evento teve tamb\u00e9m uma \u00a0palestra do educador Celso Antunes formado em Geografia pela Universidade de S\u00e3o Paulo, mestre em ci\u00eancias humanas e especialista em intelig\u00eancia e cogni\u00e7\u00e3o.<\/p>\n","protected":false},"excerpt":{"rendered":"<p>Com o tema \u201cValores Humanos\u201d da escola para a vida, a Jornada Pedag\u00f3gica 2015 da Rede Municipal de Educa\u00e7\u00e3o de Itapetinga e teve como objetivo principal promover a reflex\u00e3o sobre a responsabilidade de toda a comunidade escolar na promo\u00e7\u00e3o de um ensino de qualidade. A cerim\u00f4nia de abertura aconteceu no espa\u00e7o de festas do Itapetinga [&hellip;]<\/p>\n","protected":false},"author":2,"featured_media":0,"comment_status":"open","ping_status":"open","sticky":false,"template":"","format":"standard","meta":{"_links_to":"","_links_to_target":""},"categories":[1],"tags":[11308,11309],"_links":{"self":[{"href":"https:\/\/www.blogdothame.blog.br\/v1\/wp-json\/wp\/v2\/posts\/37205"}],"collection":[{"href":"https:\/\/www.blogdothame.blog.br\/v1\/wp-json\/wp\/v2\/posts"}],"about":[{"href":"https:\/\/www.blogdothame.blog.br\/v1\/wp-json\/wp\/v2\/types\/post"}],"author":[{"embeddable":true,"href":"https:\/\/www.blogdothame.blog.br\/v1\/wp-json\/wp\/v2\/users\/2"}],"replies":[{"embeddable":true,"href":"https:\/\/www.blogdothame.blog.br\/v1\/wp-json\/wp\/v2\/comments?post=37205"}],"version-history":[{"count":1,"href":"https:\/\/www.blogdothame.blog.br\/v1\/wp-json\/wp\/v2\/posts\/37205\/revisions"}],"predecessor-version":[{"id":37211,"href":"https:\/\/www.blogdothame.blog.br\/v1\/wp-json\/wp\/v2\/posts\/37205\/revisions\/37211"}],"wp:attachment":[{"href":"https:\/\/www.blogdothame.blog.br\/v1\/wp-json\/wp\/v2\/media?parent=37205"}],"wp:term":[{"taxonomy":"category","embeddable":true,"href":"https:\/\/www.blogdothame.blog.br\/v1\/wp-json\/wp\/v2\/categories?post=37205"},{"taxonomy":"post_tag","embeddable":true,"href":"https:\/\/www.blogdothame.blog.br\/v1\/wp-json\/wp\/v2\/tags?post=37205"}],"curies":[{"name":"wp","href":"https:\/\/api.w.org\/{rel}","templated":true}]}}